{"id":3517,"date":"2022-07-09T16:19:48","date_gmt":"2022-07-09T14:19:48","guid":{"rendered":"https:\/\/www.christian-pansch.de\/blog\/?p=3517"},"modified":"2022-07-09T16:19:48","modified_gmt":"2022-07-09T14:19:48","slug":"prime-day-2022-am-12-und-13-07-bei-amazon","status":"publish","type":"post","link":"https:\/\/www.christian-pansch.de\/blog\/prime-day-2022-am-12-und-13-07-bei-amazon-3517\/","title":{"rendered":"Prime Day 2022 am 12. und 13.07 bei amazon"},"content":{"rendered":"<p><img decoding=\"async\" class=\"alignnone size-large wp-image-3518\" src=\"https:\/\/www.christian-pansch.de\/blog\/wp-content\/uploads\/2022\/07\/amazon-prime-day-2022-scaled-e1657375271227-1024x347.jpg\" alt=\"\" width=\"550\" \/><\/p>\n<p>In nur drei Tagen ist es so weit! <a href=\"https:\/\/amzn.to\/3yuzSDz\">Der Prime Day von amazon<\/a> ist in 2022 zur\u00fcck. Am 12.07 und 13.07 gibt es dabei allerlei Schn\u00e4ppchen zu machen &#8211; von amazon eigenen Devices bis hin zu vielen anderen Produkten. Es wird wieder Deals ohne Ende regnen.<\/p>\n<p><!--more--><\/p>\n<p>Es darf wieder wild geshoppt werden: <a href=\"https:\/\/amzn.to\/3yuzSDz\">Der Prime Day von amazon ist zur\u00fcck<\/a>. Auf der Startseite des Prime Day findet man jetzt schon einige massive reduzierte Angebote. Und das wird immer so weiter gehen bis zum gro\u00dfen Shopping Highlight Tag am 12.07 bis 13.07. Alle Prime Mitglieder profitieren an diesen Tagen von unz\u00e4hligen Deals und massiven Reduzierungen. <a href=\"https:\/\/amzn.to\/3c1hxGC\">Also noch schnell Prime Mitglied<\/a> vor dem gro\u00dfen Tag werden und <a href=\"https:\/\/amzn.to\/3yuzSDz\">keine Schn\u00e4ppchen verpassen.<\/a> Wir jedes Jahr ist davon auszugehen, dass amazon die eigene Hardware wie die FireTV Ger\u00e4te und echo mit Alexa sowie den Kindle eReader wieder zu sehr g\u00fcnstigen Kursen verkaufen wird. Aber auch amazon-fremde Produkte wird es sehr g\u00fcnstig zu kriegen geben &#8211; also Augen auf am Prime Day 2022.<\/p>\n","protected":false},"excerpt":{"rendered":"<p>In nur drei Tagen ist es so weit! Der Prime Day von amazon ist in 2022 zur\u00fcck. Am 12.07 und 13.07 gibt es dabei allerlei Schn\u00e4ppchen zu machen &#8211; von amazon eigenen Devices bis hin zu vielen anderen Produkten. Es wird wieder Deals ohne Ende regnen.<\/p>\n","protected":false},"author":1,"featured_media":0,"comment_status":"open","ping_status":"open","sticky":false,"template":"","format":"standard","meta":{"footnotes":""},"categories":[89,162],"tags":[1175,135,794,727,685,686,1022],"class_list":["post-3517","post","type-post","status-publish","format-standard","hentry","category-hardware","category-webgeschehen","tag-1175","tag-amazon","tag-angebote","tag-deals","tag-prime","tag-prime-day","tag-primeday"],"yoast_head":"<!-- This site is optimized with the Yoast SEO plugin v27.5 - https:\/\/yoast.com\/product\/yoast-seo-wordpress\/ -->\n<title>Prime Day 2022 am 12. und 13.07 bei amazon - Social Media . Web Blog<\/title>\n<meta name=\"robots\" content=\"index, follow, max-snippet:-1, max-image-preview:large, max-video-preview:-1\" \/>\n<link rel=\"canonical\" href=\"https:\/\/www.christian-pansch.de\/blog\/prime-day-2022-am-12-und-13-07-bei-amazon-3517\/\" \/>\n<meta property=\"og:locale\" content=\"de_DE\" \/>\n<meta property=\"og:type\" content=\"article\" \/>\n<meta property=\"og:title\" content=\"Prime Day 2022 am 12. und 13.07 bei amazon - Social Media . Web Blog\" \/>\n<meta property=\"og:description\" content=\"In nur drei Tagen ist es so weit! Der Prime Day von amazon ist in 2022 zur\u00fcck. Am 12.07 und 13.07 gibt es dabei allerlei Schn\u00e4ppchen zu machen &#8211; von amazon eigenen Devices bis hin zu vielen anderen Produkten. Es wird wieder Deals ohne Ende regnen.\" \/>\n<meta property=\"og:url\" content=\"https:\/\/www.christian-pansch.de\/blog\/prime-day-2022-am-12-und-13-07-bei-amazon-3517\/\" \/>\n<meta property=\"og:site_name\" content=\"Social Media . Web Blog\" \/>\n<meta property=\"article:published_time\" content=\"2022-07-09T14:19:48+00:00\" \/>\n<meta property=\"og:image\" content=\"https:\/\/www.christian-pansch.de\/blog\/wp-content\/uploads\/2022\/07\/amazon-prime-day-2022-scaled-e1657375271227-1024x347.jpg\" \/>\n<meta name=\"author\" content=\"Christian Pansch\" \/>\n<meta name=\"twitter:card\" content=\"summary_large_image\" \/>\n<meta name=\"twitter:label1\" content=\"Verfasst von\" \/>\n\t<meta name=\"twitter:data1\" content=\"Christian Pansch\" \/>\n\t<meta name=\"twitter:label2\" content=\"Gesch\u00e4tzte Lesezeit\" \/>\n\t<meta name=\"twitter:data2\" content=\"1\u00a0Minute\" \/>\n<script type=\"application\/ld+json\" class=\"yoast-schema-graph\">{\"@context\":\"https:\\\/\\\/schema.org\",\"@graph\":[{\"@type\":\"Article\",\"@id\":\"https:\\\/\\\/www.christian-pansch.de\\\/blog\\\/prime-day-2022-am-12-und-13-07-bei-amazon-3517\\\/#article\",\"isPartOf\":{\"@id\":\"https:\\\/\\\/www.christian-pansch.de\\\/blog\\\/prime-day-2022-am-12-und-13-07-bei-amazon-3517\\\/\"},\"author\":{\"name\":\"Christian Pansch\",\"@id\":\"https:\\\/\\\/www.christian-pansch.de\\\/blog\\\/#\\\/schema\\\/person\\\/af4b04e973030b73eb5d7cbb4597d4eb\"},\"headline\":\"Prime Day 2022 am 12. und 13.07 bei amazon\",\"datePublished\":\"2022-07-09T14:19:48+00:00\",\"mainEntityOfPage\":{\"@id\":\"https:\\\/\\\/www.christian-pansch.de\\\/blog\\\/prime-day-2022-am-12-und-13-07-bei-amazon-3517\\\/\"},\"wordCount\":176,\"commentCount\":0,\"image\":{\"@id\":\"https:\\\/\\\/www.christian-pansch.de\\\/blog\\\/prime-day-2022-am-12-und-13-07-bei-amazon-3517\\\/#primaryimage\"},\"thumbnailUrl\":\"https:\\\/\\\/www.christian-pansch.de\\\/blog\\\/wp-content\\\/uploads\\\/2022\\\/07\\\/amazon-prime-day-2022-scaled-e1657375271227-1024x347.jpg\",\"keywords\":[\"2022\",\"amazon\",\"angebote\",\"deals\",\"prime\",\"prime day\",\"primeday\"],\"articleSection\":[\"Hardware\",\"Webgeschehen\"],\"inLanguage\":\"de\",\"potentialAction\":[{\"@type\":\"CommentAction\",\"name\":\"Comment\",\"target\":[\"https:\\\/\\\/www.christian-pansch.de\\\/blog\\\/prime-day-2022-am-12-und-13-07-bei-amazon-3517\\\/#respond\"]}]},{\"@type\":\"WebPage\",\"@id\":\"https:\\\/\\\/www.christian-pansch.de\\\/blog\\\/prime-day-2022-am-12-und-13-07-bei-amazon-3517\\\/\",\"url\":\"https:\\\/\\\/www.christian-pansch.de\\\/blog\\\/prime-day-2022-am-12-und-13-07-bei-amazon-3517\\\/\",\"name\":\"Prime Day 2022 am 12. und 13.07 bei amazon - Social Media . Web Blog\",\"isPartOf\":{\"@id\":\"https:\\\/\\\/www.christian-pansch.de\\\/blog\\\/#website\"},\"primaryImageOfPage\":{\"@id\":\"https:\\\/\\\/www.christian-pansch.de\\\/blog\\\/prime-day-2022-am-12-und-13-07-bei-amazon-3517\\\/#primaryimage\"},\"image\":{\"@id\":\"https:\\\/\\\/www.christian-pansch.de\\\/blog\\\/prime-day-2022-am-12-und-13-07-bei-amazon-3517\\\/#primaryimage\"},\"thumbnailUrl\":\"https:\\\/\\\/www.christian-pansch.de\\\/blog\\\/wp-content\\\/uploads\\\/2022\\\/07\\\/amazon-prime-day-2022-scaled-e1657375271227-1024x347.jpg\",\"datePublished\":\"2022-07-09T14:19:48+00:00\",\"author\":{\"@id\":\"https:\\\/\\\/www.christian-pansch.de\\\/blog\\\/#\\\/schema\\\/person\\\/af4b04e973030b73eb5d7cbb4597d4eb\"},\"breadcrumb\":{\"@id\":\"https:\\\/\\\/www.christian-pansch.de\\\/blog\\\/prime-day-2022-am-12-und-13-07-bei-amazon-3517\\\/#breadcrumb\"},\"inLanguage\":\"de\",\"potentialAction\":[{\"@type\":\"ReadAction\",\"target\":[\"https:\\\/\\\/www.christian-pansch.de\\\/blog\\\/prime-day-2022-am-12-und-13-07-bei-amazon-3517\\\/\"]}]},{\"@type\":\"ImageObject\",\"inLanguage\":\"de\",\"@id\":\"https:\\\/\\\/www.christian-pansch.de\\\/blog\\\/prime-day-2022-am-12-und-13-07-bei-amazon-3517\\\/#primaryimage\",\"url\":\"\",\"contentUrl\":\"\"},{\"@type\":\"BreadcrumbList\",\"@id\":\"https:\\\/\\\/www.christian-pansch.de\\\/blog\\\/prime-day-2022-am-12-und-13-07-bei-amazon-3517\\\/#breadcrumb\",\"itemListElement\":[{\"@type\":\"ListItem\",\"position\":1,\"name\":\"Startseite\",\"item\":\"https:\\\/\\\/www.christian-pansch.de\\\/blog\\\/\"},{\"@type\":\"ListItem\",\"position\":2,\"name\":\"Prime Day 2022 am 12. und 13.07 bei amazon\"}]},{\"@type\":\"WebSite\",\"@id\":\"https:\\\/\\\/www.christian-pansch.de\\\/blog\\\/#website\",\"url\":\"https:\\\/\\\/www.christian-pansch.de\\\/blog\\\/\",\"name\":\"Social Media . Web Blog\",\"description\":\"Das Blog von Christian Pansch \u00fcber Social Media, Webgeschehen, Mobile, Design, TYPO3 &amp; Co.\",\"potentialAction\":[{\"@type\":\"SearchAction\",\"target\":{\"@type\":\"EntryPoint\",\"urlTemplate\":\"https:\\\/\\\/www.christian-pansch.de\\\/blog\\\/?s={search_term_string}\"},\"query-input\":{\"@type\":\"PropertyValueSpecification\",\"valueRequired\":true,\"valueName\":\"search_term_string\"}}],\"inLanguage\":\"de\"},{\"@type\":\"Person\",\"@id\":\"https:\\\/\\\/www.christian-pansch.de\\\/blog\\\/#\\\/schema\\\/person\\\/af4b04e973030b73eb5d7cbb4597d4eb\",\"name\":\"Christian Pansch\",\"sameAs\":[\"http:\\\/\\\/www.christian-pansch.de\"],\"url\":\"https:\\\/\\\/www.christian-pansch.de\\\/blog\\\/author\\\/admin\\\/\"}]}<\/script>\n<!-- \/ Yoast SEO plugin. -->","yoast_head_json":{"title":"Prime Day 2022 am 12. und 13.07 bei amazon - Social Media . Web Blog","robots":{"index":"index","follow":"follow","max-snippet":"max-snippet:-1","max-image-preview":"max-image-preview:large","max-video-preview":"max-video-preview:-1"},"canonical":"https:\/\/www.christian-pansch.de\/blog\/prime-day-2022-am-12-und-13-07-bei-amazon-3517\/","og_locale":"de_DE","og_type":"article","og_title":"Prime Day 2022 am 12. und 13.07 bei amazon - Social Media . Web Blog","og_description":"In nur drei Tagen ist es so weit! Der Prime Day von amazon ist in 2022 zur\u00fcck. Am 12.07 und 13.07 gibt es dabei allerlei Schn\u00e4ppchen zu machen &#8211; von amazon eigenen Devices bis hin zu vielen anderen Produkten. Es wird wieder Deals ohne Ende regnen.","og_url":"https:\/\/www.christian-pansch.de\/blog\/prime-day-2022-am-12-und-13-07-bei-amazon-3517\/","og_site_name":"Social Media . Web Blog","article_published_time":"2022-07-09T14:19:48+00:00","og_image":[{"url":"https:\/\/www.christian-pansch.de\/blog\/wp-content\/uploads\/2022\/07\/amazon-prime-day-2022-scaled-e1657375271227-1024x347.jpg","type":"","width":"","height":""}],"author":"Christian Pansch","twitter_card":"summary_large_image","twitter_misc":{"Verfasst von":"Christian Pansch","Gesch\u00e4tzte Lesezeit":"1\u00a0Minute"},"schema":{"@context":"https:\/\/schema.org","@graph":[{"@type":"Article","@id":"https:\/\/www.christian-pansch.de\/blog\/prime-day-2022-am-12-und-13-07-bei-amazon-3517\/#article","isPartOf":{"@id":"https:\/\/www.christian-pansch.de\/blog\/prime-day-2022-am-12-und-13-07-bei-amazon-3517\/"},"author":{"name":"Christian Pansch","@id":"https:\/\/www.christian-pansch.de\/blog\/#\/schema\/person\/af4b04e973030b73eb5d7cbb4597d4eb"},"headline":"Prime Day 2022 am 12. und 13.07 bei amazon","datePublished":"2022-07-09T14:19:48+00:00","mainEntityOfPage":{"@id":"https:\/\/www.christian-pansch.de\/blog\/prime-day-2022-am-12-und-13-07-bei-amazon-3517\/"},"wordCount":176,"commentCount":0,"image":{"@id":"https:\/\/www.christian-pansch.de\/blog\/prime-day-2022-am-12-und-13-07-bei-amazon-3517\/#primaryimage"},"thumbnailUrl":"https:\/\/www.christian-pansch.de\/blog\/wp-content\/uploads\/2022\/07\/amazon-prime-day-2022-scaled-e1657375271227-1024x347.jpg","keywords":["2022","amazon","angebote","deals","prime","prime day","primeday"],"articleSection":["Hardware","Webgeschehen"],"inLanguage":"de","potentialAction":[{"@type":"CommentAction","name":"Comment","target":["https:\/\/www.christian-pansch.de\/blog\/prime-day-2022-am-12-und-13-07-bei-amazon-3517\/#respond"]}]},{"@type":"WebPage","@id":"https:\/\/www.christian-pansch.de\/blog\/prime-day-2022-am-12-und-13-07-bei-amazon-3517\/","url":"https:\/\/www.christian-pansch.de\/blog\/prime-day-2022-am-12-und-13-07-bei-amazon-3517\/","name":"Prime Day 2022 am 12. und 13.07 bei amazon - Social Media . Web Blog","isPartOf":{"@id":"https:\/\/www.christian-pansch.de\/blog\/#website"},"primaryImageOfPage":{"@id":"https:\/\/www.christian-pansch.de\/blog\/prime-day-2022-am-12-und-13-07-bei-amazon-3517\/#primaryimage"},"image":{"@id":"https:\/\/www.christian-pansch.de\/blog\/prime-day-2022-am-12-und-13-07-bei-amazon-3517\/#primaryimage"},"thumbnailUrl":"https:\/\/www.christian-pansch.de\/blog\/wp-content\/uploads\/2022\/07\/amazon-prime-day-2022-scaled-e1657375271227-1024x347.jpg","datePublished":"2022-07-09T14:19:48+00:00","author":{"@id":"https:\/\/www.christian-pansch.de\/blog\/#\/schema\/person\/af4b04e973030b73eb5d7cbb4597d4eb"},"breadcrumb":{"@id":"https:\/\/www.christian-pansch.de\/blog\/prime-day-2022-am-12-und-13-07-bei-amazon-3517\/#breadcrumb"},"inLanguage":"de","potentialAction":[{"@type":"ReadAction","target":["https:\/\/www.christian-pansch.de\/blog\/prime-day-2022-am-12-und-13-07-bei-amazon-3517\/"]}]},{"@type":"ImageObject","inLanguage":"de","@id":"https:\/\/www.christian-pansch.de\/blog\/prime-day-2022-am-12-und-13-07-bei-amazon-3517\/#primaryimage","url":"","contentUrl":""},{"@type":"BreadcrumbList","@id":"https:\/\/www.christian-pansch.de\/blog\/prime-day-2022-am-12-und-13-07-bei-amazon-3517\/#breadcrumb","itemListElement":[{"@type":"ListItem","position":1,"name":"Startseite","item":"https:\/\/www.christian-pansch.de\/blog\/"},{"@type":"ListItem","position":2,"name":"Prime Day 2022 am 12. und 13.07 bei amazon"}]},{"@type":"WebSite","@id":"https:\/\/www.christian-pansch.de\/blog\/#website","url":"https:\/\/www.christian-pansch.de\/blog\/","name":"Social Media . Web Blog","description":"Das Blog von Christian Pansch \u00fcber Social Media, Webgeschehen, Mobile, Design, TYPO3 &amp; Co.","potentialAction":[{"@type":"SearchAction","target":{"@type":"EntryPoint","urlTemplate":"https:\/\/www.christian-pansch.de\/blog\/?s={search_term_string}"},"query-input":{"@type":"PropertyValueSpecification","valueRequired":true,"valueName":"search_term_string"}}],"inLanguage":"de"},{"@type":"Person","@id":"https:\/\/www.christian-pansch.de\/blog\/#\/schema\/person\/af4b04e973030b73eb5d7cbb4597d4eb","name":"Christian Pansch","sameAs":["http:\/\/www.christian-pansch.de"],"url":"https:\/\/www.christian-pansch.de\/blog\/author\/admin\/"}]}},"publishpress_future_action":{"enabled":false,"date":"2026-05-07 19:47:36","action":"change-status","newStatus":"draft","terms":[],"taxonomy":"category","extraData":[]},"publishpress_future_workflow_manual_trigger":{"enabledWorkflows":[]},"_links":{"self":[{"href":"https:\/\/www.christian-pansch.de\/blog\/wp-json\/wp\/v2\/posts\/3517","targetHints":{"allow":["GET"]}}],"collection":[{"href":"https:\/\/www.christian-pansch.de\/blog\/wp-json\/wp\/v2\/posts"}],"about":[{"href":"https:\/\/www.christian-pansch.de\/blog\/wp-json\/wp\/v2\/types\/post"}],"author":[{"embeddable":true,"href":"https:\/\/www.christian-pansch.de\/blog\/wp-json\/wp\/v2\/users\/1"}],"replies":[{"embeddable":true,"href":"https:\/\/www.christian-pansch.de\/blog\/wp-json\/wp\/v2\/comments?post=3517"}],"version-history":[{"count":1,"href":"https:\/\/www.christian-pansch.de\/blog\/wp-json\/wp\/v2\/posts\/3517\/revisions"}],"predecessor-version":[{"id":3520,"href":"https:\/\/www.christian-pansch.de\/blog\/wp-json\/wp\/v2\/posts\/3517\/revisions\/3520"}],"wp:attachment":[{"href":"https:\/\/www.christian-pansch.de\/blog\/wp-json\/wp\/v2\/media?parent=3517"}],"wp:term":[{"taxonomy":"category","embeddable":true,"href":"https:\/\/www.christian-pansch.de\/blog\/wp-json\/wp\/v2\/categories?post=3517"},{"taxonomy":"post_tag","embeddable":true,"href":"https:\/\/www.christian-pansch.de\/blog\/wp-json\/wp\/v2\/tags?post=3517"}],"curies":[{"name":"wp","href":"https:\/\/api.w.org\/{rel}","templated":true}]}}