{"id":3132,"date":"2020-06-13T21:05:27","date_gmt":"2020-06-13T19:05:27","guid":{"rendered":"https:\/\/www.christian-pansch.de\/blog\/?p=3132"},"modified":"2020-06-17T10:18:06","modified_gmt":"2020-06-17T08:18:06","slug":"summer-sale-in-2020-bei-amazon","status":"publish","type":"post","link":"https:\/\/www.christian-pansch.de\/blog\/summer-sale-in-2020-bei-amazon-3132\/","title":{"rendered":"Summer Sale in 2020 bei Amazon?"},"content":{"rendered":"<p><img decoding=\"async\" class=\"alignnone size-large wp-image-3134\" src=\"https:\/\/www.christian-pansch.de\/blog\/wp-content\/uploads\/2020\/06\/amazon-summer-sale-2020-corona-scaled-e1591262673260-1024x514.jpg\" alt=\"\" width=\"550\" \/><\/p>\n<p>Der Prime Day, eines der gr\u00f6\u00dften Shopping-Events von <a href=\"https:\/\/amzn.to\/2zEUpel\">amazon<\/a> jedes Jahr, <a href=\"https:\/\/www.christian-pansch.de\/blog\/der-prime-day-wird-2020-von-amazon-verschoben-3087\/\">musste wegen Corona bereits verschoben werden<\/a>. Jedoch scheint der eCommerce-Riese bereits eine Ersatzveranstaltung zu planen: Der Summer Sale 2020.<\/p>\n<p><!--more--><\/p>\n<p>Durch den Wegfall <a href=\"https:\/\/amzn.to\/2zEUpel\">des Prime Days 2020<\/a> soll ein Summer Same Ende Juni bei amazon f\u00fcr gute Verkaufszahlen sorgen. Eine ganze Woche oder ggf. sogar zehn Tage soll es Rabatte am laufenden Band geben. Der Prime Day ist erstmal ohne konkretes Datum Richtung August 2020 oder sogar September verschoben, aber schon bald, ger\u00fcchteweise bereits ab dem 22. Juni k\u00f6nnte der Summe Sale beginnen. Dies l\u00e4sst sich aus einer Info ableiten, die aus einem Amazon Meeting stammen. Offiziell hat der H\u00e4ndler aber noch nichts bekannt gegeben.<\/p>\n<p>Einen offiziellen Namen gibt es bislang ebenfalls noch nicht, man geht aber von dem Arbeitstitel <a href=\"https:\/\/amzn.to\/2zEUpel\">&#8222;Summer Sale&#8220;<\/a> aus &#8211; andere Quellen sprechen von <a href=\"https:\/\/amzn.to\/2zEUpel\">&#8222;Biggest Sale in the sky&#8220;<\/a>. Wohl zwischen sieben und zehn Tagen will Amazon wieder durch massive Rabatte f\u00fcr Umdrehungen im Online-Handel sorgen. Mitmachen d\u00fcrfen H\u00e4ndler jedoch nur auf Einladung.<\/p>\n","protected":false},"excerpt":{"rendered":"<p>Der Prime Day, eines der gr\u00f6\u00dften Shopping-Events von amazon jedes Jahr, musste wegen Corona bereits verschoben werden. Jedoch scheint der eCommerce-Riese bereits eine Ersatzveranstaltung zu planen: Der Summer Sale 2020.<\/p>\n","protected":false},"author":1,"featured_media":0,"comment_status":"open","ping_status":"open","sticky":false,"template":"","format":"standard","meta":{"footnotes":""},"categories":[162],"tags":[1091,135,1054,686,1090],"class_list":["post-3132","post","type-post","status-publish","format-standard","hentry","category-webgeschehen","tag-1091","tag-amazon","tag-corona","tag-prime-day","tag-summer-sale"],"yoast_head":"<!-- This site is optimized with the Yoast SEO plugin v27.5 - https:\/\/yoast.com\/product\/yoast-seo-wordpress\/ -->\n<title>Summer Sale in 2020 bei Amazon? - Social Media . Web Blog<\/title>\n<meta name=\"robots\" content=\"index, follow, max-snippet:-1, max-image-preview:large, max-video-preview:-1\" \/>\n<link rel=\"canonical\" href=\"https:\/\/www.christian-pansch.de\/blog\/summer-sale-in-2020-bei-amazon-3132\/\" \/>\n<meta property=\"og:locale\" content=\"de_DE\" \/>\n<meta property=\"og:type\" content=\"article\" \/>\n<meta property=\"og:title\" content=\"Summer Sale in 2020 bei Amazon? - Social Media . Web Blog\" \/>\n<meta property=\"og:description\" content=\"Der Prime Day, eines der gr\u00f6\u00dften Shopping-Events von amazon jedes Jahr, musste wegen Corona bereits verschoben werden. Jedoch scheint der eCommerce-Riese bereits eine Ersatzveranstaltung zu planen: Der Summer Sale 2020.\" \/>\n<meta property=\"og:url\" content=\"https:\/\/www.christian-pansch.de\/blog\/summer-sale-in-2020-bei-amazon-3132\/\" \/>\n<meta property=\"og:site_name\" content=\"Social Media . Web Blog\" \/>\n<meta property=\"article:published_time\" content=\"2020-06-13T19:05:27+00:00\" \/>\n<meta property=\"article:modified_time\" content=\"2020-06-17T08:18:06+00:00\" \/>\n<meta property=\"og:image\" content=\"https:\/\/www.christian-pansch.de\/blog\/wp-content\/uploads\/2020\/06\/amazon-summer-sale-2020-corona-scaled-e1591262673260-1024x514.jpg\" \/>\n<meta name=\"author\" content=\"Christian Pansch\" \/>\n<meta name=\"twitter:card\" content=\"summary_large_image\" \/>\n<meta name=\"twitter:label1\" content=\"Verfasst von\" \/>\n\t<meta name=\"twitter:data1\" content=\"Christian Pansch\" \/>\n\t<meta name=\"twitter:label2\" content=\"Gesch\u00e4tzte Lesezeit\" \/>\n\t<meta name=\"twitter:data2\" content=\"1\u00a0Minute\" \/>\n<script type=\"application\/ld+json\" class=\"yoast-schema-graph\">{\"@context\":\"https:\\\/\\\/schema.org\",\"@graph\":[{\"@type\":\"Article\",\"@id\":\"https:\\\/\\\/www.christian-pansch.de\\\/blog\\\/summer-sale-in-2020-bei-amazon-3132\\\/#article\",\"isPartOf\":{\"@id\":\"https:\\\/\\\/www.christian-pansch.de\\\/blog\\\/summer-sale-in-2020-bei-amazon-3132\\\/\"},\"author\":{\"name\":\"Christian Pansch\",\"@id\":\"https:\\\/\\\/www.christian-pansch.de\\\/blog\\\/#\\\/schema\\\/person\\\/af4b04e973030b73eb5d7cbb4597d4eb\"},\"headline\":\"Summer Sale in 2020 bei Amazon?\",\"datePublished\":\"2020-06-13T19:05:27+00:00\",\"dateModified\":\"2020-06-17T08:18:06+00:00\",\"mainEntityOfPage\":{\"@id\":\"https:\\\/\\\/www.christian-pansch.de\\\/blog\\\/summer-sale-in-2020-bei-amazon-3132\\\/\"},\"wordCount\":177,\"commentCount\":1,\"image\":{\"@id\":\"https:\\\/\\\/www.christian-pansch.de\\\/blog\\\/summer-sale-in-2020-bei-amazon-3132\\\/#primaryimage\"},\"thumbnailUrl\":\"https:\\\/\\\/www.christian-pansch.de\\\/blog\\\/wp-content\\\/uploads\\\/2020\\\/06\\\/amazon-summer-sale-2020-corona-scaled-e1591262673260-1024x514.jpg\",\"keywords\":[\"2020\",\"amazon\",\"corona\",\"prime day\",\"summer sale\"],\"articleSection\":[\"Webgeschehen\"],\"inLanguage\":\"de\",\"potentialAction\":[{\"@type\":\"CommentAction\",\"name\":\"Comment\",\"target\":[\"https:\\\/\\\/www.christian-pansch.de\\\/blog\\\/summer-sale-in-2020-bei-amazon-3132\\\/#respond\"]}]},{\"@type\":\"WebPage\",\"@id\":\"https:\\\/\\\/www.christian-pansch.de\\\/blog\\\/summer-sale-in-2020-bei-amazon-3132\\\/\",\"url\":\"https:\\\/\\\/www.christian-pansch.de\\\/blog\\\/summer-sale-in-2020-bei-amazon-3132\\\/\",\"name\":\"Summer Sale in 2020 bei Amazon? - Social Media . Web Blog\",\"isPartOf\":{\"@id\":\"https:\\\/\\\/www.christian-pansch.de\\\/blog\\\/#website\"},\"primaryImageOfPage\":{\"@id\":\"https:\\\/\\\/www.christian-pansch.de\\\/blog\\\/summer-sale-in-2020-bei-amazon-3132\\\/#primaryimage\"},\"image\":{\"@id\":\"https:\\\/\\\/www.christian-pansch.de\\\/blog\\\/summer-sale-in-2020-bei-amazon-3132\\\/#primaryimage\"},\"thumbnailUrl\":\"https:\\\/\\\/www.christian-pansch.de\\\/blog\\\/wp-content\\\/uploads\\\/2020\\\/06\\\/amazon-summer-sale-2020-corona-scaled-e1591262673260-1024x514.jpg\",\"datePublished\":\"2020-06-13T19:05:27+00:00\",\"dateModified\":\"2020-06-17T08:18:06+00:00\",\"author\":{\"@id\":\"https:\\\/\\\/www.christian-pansch.de\\\/blog\\\/#\\\/schema\\\/person\\\/af4b04e973030b73eb5d7cbb4597d4eb\"},\"breadcrumb\":{\"@id\":\"https:\\\/\\\/www.christian-pansch.de\\\/blog\\\/summer-sale-in-2020-bei-amazon-3132\\\/#breadcrumb\"},\"inLanguage\":\"de\",\"potentialAction\":[{\"@type\":\"ReadAction\",\"target\":[\"https:\\\/\\\/www.christian-pansch.de\\\/blog\\\/summer-sale-in-2020-bei-amazon-3132\\\/\"]}]},{\"@type\":\"ImageObject\",\"inLanguage\":\"de\",\"@id\":\"https:\\\/\\\/www.christian-pansch.de\\\/blog\\\/summer-sale-in-2020-bei-amazon-3132\\\/#primaryimage\",\"url\":\"https:\\\/\\\/www.christian-pansch.de\\\/blog\\\/wp-content\\\/uploads\\\/2020\\\/06\\\/amazon-summer-sale-2020-corona-scaled-e1591262673260-1024x514.jpg\",\"contentUrl\":\"https:\\\/\\\/www.christian-pansch.de\\\/blog\\\/wp-content\\\/uploads\\\/2020\\\/06\\\/amazon-summer-sale-2020-corona-scaled-e1591262673260-1024x514.jpg\"},{\"@type\":\"BreadcrumbList\",\"@id\":\"https:\\\/\\\/www.christian-pansch.de\\\/blog\\\/summer-sale-in-2020-bei-amazon-3132\\\/#breadcrumb\",\"itemListElement\":[{\"@type\":\"ListItem\",\"position\":1,\"name\":\"Startseite\",\"item\":\"https:\\\/\\\/www.christian-pansch.de\\\/blog\\\/\"},{\"@type\":\"ListItem\",\"position\":2,\"name\":\"Summer Sale in 2020 bei Amazon?\"}]},{\"@type\":\"WebSite\",\"@id\":\"https:\\\/\\\/www.christian-pansch.de\\\/blog\\\/#website\",\"url\":\"https:\\\/\\\/www.christian-pansch.de\\\/blog\\\/\",\"name\":\"Social Media . Web Blog\",\"description\":\"Das Blog von Christian Pansch \u00fcber Social Media, Webgeschehen, Mobile, Design, TYPO3 &amp; Co.\",\"potentialAction\":[{\"@type\":\"SearchAction\",\"target\":{\"@type\":\"EntryPoint\",\"urlTemplate\":\"https:\\\/\\\/www.christian-pansch.de\\\/blog\\\/?s={search_term_string}\"},\"query-input\":{\"@type\":\"PropertyValueSpecification\",\"valueRequired\":true,\"valueName\":\"search_term_string\"}}],\"inLanguage\":\"de\"},{\"@type\":\"Person\",\"@id\":\"https:\\\/\\\/www.christian-pansch.de\\\/blog\\\/#\\\/schema\\\/person\\\/af4b04e973030b73eb5d7cbb4597d4eb\",\"name\":\"Christian Pansch\",\"sameAs\":[\"http:\\\/\\\/www.christian-pansch.de\"],\"url\":\"https:\\\/\\\/www.christian-pansch.de\\\/blog\\\/author\\\/admin\\\/\"}]}<\/script>\n<!-- \/ Yoast SEO plugin. -->","yoast_head_json":{"title":"Summer Sale in 2020 bei Amazon? - Social Media . Web Blog","robots":{"index":"index","follow":"follow","max-snippet":"max-snippet:-1","max-image-preview":"max-image-preview:large","max-video-preview":"max-video-preview:-1"},"canonical":"https:\/\/www.christian-pansch.de\/blog\/summer-sale-in-2020-bei-amazon-3132\/","og_locale":"de_DE","og_type":"article","og_title":"Summer Sale in 2020 bei Amazon? - Social Media . Web Blog","og_description":"Der Prime Day, eines der gr\u00f6\u00dften Shopping-Events von amazon jedes Jahr, musste wegen Corona bereits verschoben werden. Jedoch scheint der eCommerce-Riese bereits eine Ersatzveranstaltung zu planen: Der Summer Sale 2020.","og_url":"https:\/\/www.christian-pansch.de\/blog\/summer-sale-in-2020-bei-amazon-3132\/","og_site_name":"Social Media . Web Blog","article_published_time":"2020-06-13T19:05:27+00:00","article_modified_time":"2020-06-17T08:18:06+00:00","og_image":[{"url":"https:\/\/www.christian-pansch.de\/blog\/wp-content\/uploads\/2020\/06\/amazon-summer-sale-2020-corona-scaled-e1591262673260-1024x514.jpg","type":"","width":"","height":""}],"author":"Christian Pansch","twitter_card":"summary_large_image","twitter_misc":{"Verfasst von":"Christian Pansch","Gesch\u00e4tzte Lesezeit":"1\u00a0Minute"},"schema":{"@context":"https:\/\/schema.org","@graph":[{"@type":"Article","@id":"https:\/\/www.christian-pansch.de\/blog\/summer-sale-in-2020-bei-amazon-3132\/#article","isPartOf":{"@id":"https:\/\/www.christian-pansch.de\/blog\/summer-sale-in-2020-bei-amazon-3132\/"},"author":{"name":"Christian Pansch","@id":"https:\/\/www.christian-pansch.de\/blog\/#\/schema\/person\/af4b04e973030b73eb5d7cbb4597d4eb"},"headline":"Summer Sale in 2020 bei Amazon?","datePublished":"2020-06-13T19:05:27+00:00","dateModified":"2020-06-17T08:18:06+00:00","mainEntityOfPage":{"@id":"https:\/\/www.christian-pansch.de\/blog\/summer-sale-in-2020-bei-amazon-3132\/"},"wordCount":177,"commentCount":1,"image":{"@id":"https:\/\/www.christian-pansch.de\/blog\/summer-sale-in-2020-bei-amazon-3132\/#primaryimage"},"thumbnailUrl":"https:\/\/www.christian-pansch.de\/blog\/wp-content\/uploads\/2020\/06\/amazon-summer-sale-2020-corona-scaled-e1591262673260-1024x514.jpg","keywords":["2020","amazon","corona","prime day","summer sale"],"articleSection":["Webgeschehen"],"inLanguage":"de","potentialAction":[{"@type":"CommentAction","name":"Comment","target":["https:\/\/www.christian-pansch.de\/blog\/summer-sale-in-2020-bei-amazon-3132\/#respond"]}]},{"@type":"WebPage","@id":"https:\/\/www.christian-pansch.de\/blog\/summer-sale-in-2020-bei-amazon-3132\/","url":"https:\/\/www.christian-pansch.de\/blog\/summer-sale-in-2020-bei-amazon-3132\/","name":"Summer Sale in 2020 bei Amazon? - Social Media . Web Blog","isPartOf":{"@id":"https:\/\/www.christian-pansch.de\/blog\/#website"},"primaryImageOfPage":{"@id":"https:\/\/www.christian-pansch.de\/blog\/summer-sale-in-2020-bei-amazon-3132\/#primaryimage"},"image":{"@id":"https:\/\/www.christian-pansch.de\/blog\/summer-sale-in-2020-bei-amazon-3132\/#primaryimage"},"thumbnailUrl":"https:\/\/www.christian-pansch.de\/blog\/wp-content\/uploads\/2020\/06\/amazon-summer-sale-2020-corona-scaled-e1591262673260-1024x514.jpg","datePublished":"2020-06-13T19:05:27+00:00","dateModified":"2020-06-17T08:18:06+00:00","author":{"@id":"https:\/\/www.christian-pansch.de\/blog\/#\/schema\/person\/af4b04e973030b73eb5d7cbb4597d4eb"},"breadcrumb":{"@id":"https:\/\/www.christian-pansch.de\/blog\/summer-sale-in-2020-bei-amazon-3132\/#breadcrumb"},"inLanguage":"de","potentialAction":[{"@type":"ReadAction","target":["https:\/\/www.christian-pansch.de\/blog\/summer-sale-in-2020-bei-amazon-3132\/"]}]},{"@type":"ImageObject","inLanguage":"de","@id":"https:\/\/www.christian-pansch.de\/blog\/summer-sale-in-2020-bei-amazon-3132\/#primaryimage","url":"https:\/\/www.christian-pansch.de\/blog\/wp-content\/uploads\/2020\/06\/amazon-summer-sale-2020-corona-scaled-e1591262673260-1024x514.jpg","contentUrl":"https:\/\/www.christian-pansch.de\/blog\/wp-content\/uploads\/2020\/06\/amazon-summer-sale-2020-corona-scaled-e1591262673260-1024x514.jpg"},{"@type":"BreadcrumbList","@id":"https:\/\/www.christian-pansch.de\/blog\/summer-sale-in-2020-bei-amazon-3132\/#breadcrumb","itemListElement":[{"@type":"ListItem","position":1,"name":"Startseite","item":"https:\/\/www.christian-pansch.de\/blog\/"},{"@type":"ListItem","position":2,"name":"Summer Sale in 2020 bei Amazon?"}]},{"@type":"WebSite","@id":"https:\/\/www.christian-pansch.de\/blog\/#website","url":"https:\/\/www.christian-pansch.de\/blog\/","name":"Social Media . Web Blog","description":"Das Blog von Christian Pansch \u00fcber Social Media, Webgeschehen, Mobile, Design, TYPO3 &amp; Co.","potentialAction":[{"@type":"SearchAction","target":{"@type":"EntryPoint","urlTemplate":"https:\/\/www.christian-pansch.de\/blog\/?s={search_term_string}"},"query-input":{"@type":"PropertyValueSpecification","valueRequired":true,"valueName":"search_term_string"}}],"inLanguage":"de"},{"@type":"Person","@id":"https:\/\/www.christian-pansch.de\/blog\/#\/schema\/person\/af4b04e973030b73eb5d7cbb4597d4eb","name":"Christian Pansch","sameAs":["http:\/\/www.christian-pansch.de"],"url":"https:\/\/www.christian-pansch.de\/blog\/author\/admin\/"}]}},"publishpress_future_action":{"enabled":false,"date":"2026-05-08 06:25:24","action":"change-status","newStatus":"draft","terms":[],"taxonomy":"category","extraData":[]},"publishpress_future_workflow_manual_trigger":{"enabledWorkflows":[]},"_links":{"self":[{"href":"https:\/\/www.christian-pansch.de\/blog\/wp-json\/wp\/v2\/posts\/3132","targetHints":{"allow":["GET"]}}],"collection":[{"href":"https:\/\/www.christian-pansch.de\/blog\/wp-json\/wp\/v2\/posts"}],"about":[{"href":"https:\/\/www.christian-pansch.de\/blog\/wp-json\/wp\/v2\/types\/post"}],"author":[{"embeddable":true,"href":"https:\/\/www.christian-pansch.de\/blog\/wp-json\/wp\/v2\/users\/1"}],"replies":[{"embeddable":true,"href":"https:\/\/www.christian-pansch.de\/blog\/wp-json\/wp\/v2\/comments?post=3132"}],"version-history":[{"count":5,"href":"https:\/\/www.christian-pansch.de\/blog\/wp-json\/wp\/v2\/posts\/3132\/revisions"}],"predecessor-version":[{"id":3139,"href":"https:\/\/www.christian-pansch.de\/blog\/wp-json\/wp\/v2\/posts\/3132\/revisions\/3139"}],"wp:attachment":[{"href":"https:\/\/www.christian-pansch.de\/blog\/wp-json\/wp\/v2\/media?parent=3132"}],"wp:term":[{"taxonomy":"category","embeddable":true,"href":"https:\/\/www.christian-pansch.de\/blog\/wp-json\/wp\/v2\/categories?post=3132"},{"taxonomy":"post_tag","embeddable":true,"href":"https:\/\/www.christian-pansch.de\/blog\/wp-json\/wp\/v2\/tags?post=3132"}],"curies":[{"name":"wp","href":"https:\/\/api.w.org\/{rel}","templated":true}]}}