{"id":2681,"date":"2018-09-11T21:08:28","date_gmt":"2018-09-11T19:08:28","guid":{"rendered":"https:\/\/www.christian-pansch.de\/blog\/?p=2681"},"modified":"2018-09-12T15:05:05","modified_gmt":"2018-09-12T13:05:05","slug":"erwartungen-an-die-morgige-apple-keynote","status":"publish","type":"post","link":"https:\/\/www.christian-pansch.de\/blog\/erwartungen-an-die-morgige-apple-keynote-2681\/","title":{"rendered":"Erwartungen an die morgige Apple Keynote"},"content":{"rendered":"<p><img loading=\"lazy\" decoding=\"async\" src=\"https:\/\/www.christian-pansch.de\/blog\/wp-content\/uploads\/2018\/09\/apple-keynote-september-2018-e1536672086468.jpg\" alt=\"Apple Keynote im September 2018\" width=\"599\" height=\"398\" class=\"alignnone size-full wp-image-2683\" \/><\/p>\n<p>Am 12. September 2018 kommt wieder eine langerwartete Keynote von <a href=\"https:\/\/amzn.to\/2CLyPpp\" rel=\"noopener\" target=\"_blank\">Apple<\/a>. Auch wenn keine sensationellen Neuheiten erwartet werden, schaut die Technik-Welt trotzdem wie immer gespannt auf die B\u00fchne im Apple Park in Cupertino, wo Chef Tim Cook seinen gro\u00dfen Auftritt haben wird.<\/p>\n<p><!--more--><\/p>\n<p>Im September wird schon fast traditionell von Apple alles vorgestellt, was f\u00fcr das nahende Weihnachtsgesch\u00e4ft relevant sein wird. Alles dreht sich vorrangig um <a href=\"https:\/\/amzn.to\/2Ob3jSX\" rel=\"noopener\" target=\"_blank\">das neus iPhone Modell<\/a>. Aber neben <a href=\"https:\/\/amzn.to\/2OeIlTn\" rel=\"noopener\" target=\"_blank\">einem neuen Smartphone<\/a> werden weitere Produkt-Upgrades und Neuentwicklungen erwartet. <\/p>\n<p><strong>Das neue iPhone &#8211; besser die drei neuen iPhones<\/strong><br \/>\nDass es neue Modelle geben wird, ist so sicher wie das Amen in der (Apple-)Kirche. Im Vorfeld gab es viele Ger\u00fcchte und es wurden einige Anzeichen analysiert. So kann man sicher sein, dass es <a href=\"https:\/\/amzn.to\/2MoGFEL\" rel=\"noopener\" target=\"_blank\">eine aufgebohrte Version des iPhone X<\/a> geben wird. Dabei soll das Design unber\u00fchrt bleiben: Ein fast randloses Display mit der Aussparung (dem &#8222;Notch&#8220;) f\u00fcr die Frontkamera und Sensoren sowie die Face ID Erkennung. Ger\u00fcchteweise werden alle morgen vorgestellten iPhones dieses Layout \u00fcbernehmen. Der Home-Button am unteren Rand des Ger\u00e4ts w\u00fcrde somit endg\u00fcltig abgeschafft werden.<\/p>\n<p>Die Weiterentwicklung des <a href=\"https:\/\/amzn.to\/2MnVkjv\" rel=\"noopener\" target=\"_blank\">iPhone X<\/a> soll aller Wahrscheinlichkeit nach simpel iPhone Xs lauten und so dem bekannten Schema folgen (iPhone 7, Weiterentwicklung iPhone 7s etc.). Das Display soll dabei unver\u00e4ndert in der Gr\u00f6\u00dfe  5,8 Zoll (14,7 cm) bleiben. Man munkelt, dass es eine <a href=\"https:\/\/amzn.to\/2x8fn00\" rel=\"noopener\" target=\"_blank\">Art &#8222;Plus-Variante&#8220;<\/a> mit gr\u00f6\u00dferem 6,5-Zoll-Display geben wird. G\u00fcnstiger als die &#8222;X Serie&#8220; wird der Nachfolger des <a href=\"https:\/\/amzn.to\/2xbrfOW\" rel=\"noopener\" target=\"_blank\">weiterhin aktuellen iPhone 8<\/a> ausfallen. Bei diesem Ger\u00e4t soll weiterhin ein LCD-Screen und kein OLED-Display zum Einsatz kommen. Das Geh\u00e4use wird aus Aluminium gefertigt, nicht wie bei iPhone X &#038; Co. aus Edelstahl. Daf\u00fcr wird es unterschiedliche Farbvarianten geben.<\/p>\n<p><strong>Bluetooth-Kopfh\u00f6rer von Apple in neuer Version?<\/strong><br \/>\nAls Apple die <a href=\"https:\/\/amzn.to\/2Mnm4AE\" rel=\"noopener\" target=\"_blank\">kabellosen AirPods<\/a> erstmals raus brachte, waren die Meinungen sehr gespalten. Einige fanden das Design albern, da es einem Zahnb\u00fcrstenkopf im Ohr anmutete, andere waren begeistern vom Klang und der Verarbeitung. Entgegen der negativen Schlagzeilen zu Beginn wurden die <a href=\"https:\/\/amzn.to\/2Mnm4AE\" rel=\"noopener\" target=\"_blank\">AirPods-Ohrh\u00f6rer<\/a> ein Verkaufserfolg. Daher erwartet man nun nach gut zwei Jahren auch ein Update der <a href=\"https:\/\/amzn.to\/2Mnm4AE\" rel=\"noopener\" target=\"_blank\">AirPods<\/a>.<\/p>\n<p><strong>Die smarte Uhr von Apple: Apple Watch<\/strong><br \/>\nAuch bei <a href=\"https:\/\/amzn.to\/2OcZr3Y\" rel=\"noopener\" target=\"_blank\">der intelligenten Uhr &#8222;Apple Watch&#8220;<\/a> mit vielen Smart-Features erwartet man eine neue weiterentwickelte Variante. Ein gr\u00f6\u00dferes Display durch d\u00fcnnere R\u00e4nder am Bildschirm scheint wahrscheinlich. Auf geleakten Fotos lie\u00df sich auch eine \u00d6ffnung zwischen Kn\u00f6pfen am Geh\u00e4use erkennen &#8211; \u00fcber die Funktion ist bislang jedoch nichts bekannt.<\/p>\n<p><strong>Macbooks &#038; Co. werden ebenfalls \u00fcberarbeitet<\/strong><br \/>\nAber nicht nur bei den Smartphones und Mobile Gadgets tut sich was. Apple wird vermutlich auch bei den Macbooks einige Upgrades durchf\u00fchren. Das in die Jahre gekommene <a href=\"https:\/\/amzn.to\/2x7ty5z\" rel=\"noopener\" target=\"_blank\">Macbook Air<\/a> wird durch ein besseres Display aufgewertet und k\u00f6nnte auch einen schnelleren Prozessor erhalten. Das zwischen Macbook Air und <a href=\"https:\/\/amzn.to\/2x4PkHC\" rel=\"noopener\" target=\"_blank\">Macbook Pro<\/a> preislich in der Mitte positionierte <a href=\"https:\/\/amzn.to\/2MnoM9p\" rel=\"noopener\" target=\"_blank\">Macbook<\/a> k\u00f6nnte ebenfalls neue technische Features und Upgrades erhalten.<\/p>\n<p>Dar\u00fcberhinaus ranken sich Ger\u00fcchte um den kleinen Desktop-Rechner von <a href=\"https:\/\/amzn.to\/2NA9YsH\" rel=\"noopener\" target=\"_blank\">Apple &#8222;Mac mini&#8220;<\/a>. Evtl. steht hier auch bereits eine neue Generation ins Haus.<\/p>\n<p>Was alles tats\u00e4chlich ver\u00f6ffentlicht wird, erfahren wir morgen Abend. Man darf als Apple-J\u00fcnger wie immer sehr gespannt sein. Jetzt m\u00fcssen die Neuheiten nur noch in den virtuellen Regalen bei <a href=\"https:\/\/amzn.to\/2x545dx\" rel=\"noopener\" target=\"_blank\">amazon<\/a>, <a href=\"http:\/\/aklam.io\/qvRE1I\" rel=\"noopener\" target=\"_blank\">Rakuten<\/a> &#038; Co. verf\u00fcgbar sein.<\/p>\n","protected":false},"excerpt":{"rendered":"<p>Am 12. September 2018 kommt wieder eine langerwartete Keynote von Apple. Auch wenn keine sensationellen Neuheiten erwartet werden, schaut die Technik-Welt trotzdem wie immer gespannt auf die B\u00fchne im Apple Park in Cupertino, wo Chef Tim Cook seinen gro\u00dfen Auftritt haben wird.<\/p>\n","protected":false},"author":1,"featured_media":0,"comment_status":"open","ping_status":"open","sticky":false,"template":"","format":"standard","meta":{"footnotes":""},"categories":[132],"tags":[95,938,93,937,37,682],"class_list":["post-2681","post","type-post","status-publish","format-standard","hentry","category-apple-ipod-iphone","tag-apple","tag-apple-watch","tag-iphone","tag-keynote","tag-mac","tag-macbook"],"yoast_head":"<!-- This site is optimized with the Yoast SEO plugin v27.5 - https:\/\/yoast.com\/product\/yoast-seo-wordpress\/ -->\n<title>Erwartungen an die morgige Apple Keynote - Social Media . Web Blog<\/title>\n<meta name=\"robots\" content=\"index, follow, max-snippet:-1, max-image-preview:large, max-video-preview:-1\" \/>\n<link rel=\"canonical\" href=\"https:\/\/www.christian-pansch.de\/blog\/erwartungen-an-die-morgige-apple-keynote-2681\/\" \/>\n<meta property=\"og:locale\" content=\"de_DE\" \/>\n<meta property=\"og:type\" content=\"article\" \/>\n<meta property=\"og:title\" content=\"Erwartungen an die morgige Apple Keynote - Social Media . Web Blog\" \/>\n<meta property=\"og:description\" content=\"Am 12. September 2018 kommt wieder eine langerwartete Keynote von Apple. Auch wenn keine sensationellen Neuheiten erwartet werden, schaut die Technik-Welt trotzdem wie immer gespannt auf die B\u00fchne im Apple Park in Cupertino, wo Chef Tim Cook seinen gro\u00dfen Auftritt haben wird.\" \/>\n<meta property=\"og:url\" content=\"https:\/\/www.christian-pansch.de\/blog\/erwartungen-an-die-morgige-apple-keynote-2681\/\" \/>\n<meta property=\"og:site_name\" content=\"Social Media . Web Blog\" \/>\n<meta property=\"article:published_time\" content=\"2018-09-11T19:08:28+00:00\" \/>\n<meta property=\"article:modified_time\" content=\"2018-09-12T13:05:05+00:00\" \/>\n<meta property=\"og:image\" content=\"https:\/\/www.christian-pansch.de\/blog\/wp-content\/uploads\/2018\/09\/apple-keynote-september-2018-e1536672086468.jpg\" \/>\n<meta name=\"author\" content=\"Christian Pansch\" \/>\n<meta name=\"twitter:card\" content=\"summary_large_image\" \/>\n<meta name=\"twitter:label1\" content=\"Verfasst von\" \/>\n\t<meta name=\"twitter:data1\" content=\"Christian Pansch\" \/>\n\t<meta name=\"twitter:label2\" content=\"Gesch\u00e4tzte Lesezeit\" \/>\n\t<meta name=\"twitter:data2\" content=\"3\u00a0Minuten\" \/>\n<script type=\"application\/ld+json\" class=\"yoast-schema-graph\">{\"@context\":\"https:\\\/\\\/schema.org\",\"@graph\":[{\"@type\":\"Article\",\"@id\":\"https:\\\/\\\/www.christian-pansch.de\\\/blog\\\/erwartungen-an-die-morgige-apple-keynote-2681\\\/#article\",\"isPartOf\":{\"@id\":\"https:\\\/\\\/www.christian-pansch.de\\\/blog\\\/erwartungen-an-die-morgige-apple-keynote-2681\\\/\"},\"author\":{\"name\":\"Christian Pansch\",\"@id\":\"https:\\\/\\\/www.christian-pansch.de\\\/blog\\\/#\\\/schema\\\/person\\\/af4b04e973030b73eb5d7cbb4597d4eb\"},\"headline\":\"Erwartungen an die morgige Apple Keynote\",\"datePublished\":\"2018-09-11T19:08:28+00:00\",\"dateModified\":\"2018-09-12T13:05:05+00:00\",\"mainEntityOfPage\":{\"@id\":\"https:\\\/\\\/www.christian-pansch.de\\\/blog\\\/erwartungen-an-die-morgige-apple-keynote-2681\\\/\"},\"wordCount\":553,\"commentCount\":2,\"image\":{\"@id\":\"https:\\\/\\\/www.christian-pansch.de\\\/blog\\\/erwartungen-an-die-morgige-apple-keynote-2681\\\/#primaryimage\"},\"thumbnailUrl\":\"https:\\\/\\\/www.christian-pansch.de\\\/blog\\\/wp-content\\\/uploads\\\/2018\\\/09\\\/apple-keynote-september-2018-e1536672086468.jpg\",\"keywords\":[\"apple\",\"apple watch\",\"iphone\",\"keynote\",\"mac\",\"macbook\"],\"articleSection\":[\"Apple, iPhone, iPad &amp; Co.\"],\"inLanguage\":\"de\",\"potentialAction\":[{\"@type\":\"CommentAction\",\"name\":\"Comment\",\"target\":[\"https:\\\/\\\/www.christian-pansch.de\\\/blog\\\/erwartungen-an-die-morgige-apple-keynote-2681\\\/#respond\"]}]},{\"@type\":\"WebPage\",\"@id\":\"https:\\\/\\\/www.christian-pansch.de\\\/blog\\\/erwartungen-an-die-morgige-apple-keynote-2681\\\/\",\"url\":\"https:\\\/\\\/www.christian-pansch.de\\\/blog\\\/erwartungen-an-die-morgige-apple-keynote-2681\\\/\",\"name\":\"Erwartungen an die morgige Apple Keynote - Social Media . Web Blog\",\"isPartOf\":{\"@id\":\"https:\\\/\\\/www.christian-pansch.de\\\/blog\\\/#website\"},\"primaryImageOfPage\":{\"@id\":\"https:\\\/\\\/www.christian-pansch.de\\\/blog\\\/erwartungen-an-die-morgige-apple-keynote-2681\\\/#primaryimage\"},\"image\":{\"@id\":\"https:\\\/\\\/www.christian-pansch.de\\\/blog\\\/erwartungen-an-die-morgige-apple-keynote-2681\\\/#primaryimage\"},\"thumbnailUrl\":\"https:\\\/\\\/www.christian-pansch.de\\\/blog\\\/wp-content\\\/uploads\\\/2018\\\/09\\\/apple-keynote-september-2018-e1536672086468.jpg\",\"datePublished\":\"2018-09-11T19:08:28+00:00\",\"dateModified\":\"2018-09-12T13:05:05+00:00\",\"author\":{\"@id\":\"https:\\\/\\\/www.christian-pansch.de\\\/blog\\\/#\\\/schema\\\/person\\\/af4b04e973030b73eb5d7cbb4597d4eb\"},\"breadcrumb\":{\"@id\":\"https:\\\/\\\/www.christian-pansch.de\\\/blog\\\/erwartungen-an-die-morgige-apple-keynote-2681\\\/#breadcrumb\"},\"inLanguage\":\"de\",\"potentialAction\":[{\"@type\":\"ReadAction\",\"target\":[\"https:\\\/\\\/www.christian-pansch.de\\\/blog\\\/erwartungen-an-die-morgige-apple-keynote-2681\\\/\"]}]},{\"@type\":\"ImageObject\",\"inLanguage\":\"de\",\"@id\":\"https:\\\/\\\/www.christian-pansch.de\\\/blog\\\/erwartungen-an-die-morgige-apple-keynote-2681\\\/#primaryimage\",\"url\":\"https:\\\/\\\/www.christian-pansch.de\\\/blog\\\/wp-content\\\/uploads\\\/2018\\\/09\\\/apple-keynote-september-2018-e1536672086468.jpg\",\"contentUrl\":\"https:\\\/\\\/www.christian-pansch.de\\\/blog\\\/wp-content\\\/uploads\\\/2018\\\/09\\\/apple-keynote-september-2018-e1536672086468.jpg\"},{\"@type\":\"BreadcrumbList\",\"@id\":\"https:\\\/\\\/www.christian-pansch.de\\\/blog\\\/erwartungen-an-die-morgige-apple-keynote-2681\\\/#breadcrumb\",\"itemListElement\":[{\"@type\":\"ListItem\",\"position\":1,\"name\":\"Startseite\",\"item\":\"https:\\\/\\\/www.christian-pansch.de\\\/blog\\\/\"},{\"@type\":\"ListItem\",\"position\":2,\"name\":\"Erwartungen an die morgige Apple Keynote\"}]},{\"@type\":\"WebSite\",\"@id\":\"https:\\\/\\\/www.christian-pansch.de\\\/blog\\\/#website\",\"url\":\"https:\\\/\\\/www.christian-pansch.de\\\/blog\\\/\",\"name\":\"Social Media . Web Blog\",\"description\":\"Das Blog von Christian Pansch \u00fcber Social Media, Webgeschehen, Mobile, Design, TYPO3 &amp; Co.\",\"potentialAction\":[{\"@type\":\"SearchAction\",\"target\":{\"@type\":\"EntryPoint\",\"urlTemplate\":\"https:\\\/\\\/www.christian-pansch.de\\\/blog\\\/?s={search_term_string}\"},\"query-input\":{\"@type\":\"PropertyValueSpecification\",\"valueRequired\":true,\"valueName\":\"search_term_string\"}}],\"inLanguage\":\"de\"},{\"@type\":\"Person\",\"@id\":\"https:\\\/\\\/www.christian-pansch.de\\\/blog\\\/#\\\/schema\\\/person\\\/af4b04e973030b73eb5d7cbb4597d4eb\",\"name\":\"Christian Pansch\",\"sameAs\":[\"http:\\\/\\\/www.christian-pansch.de\"],\"url\":\"https:\\\/\\\/www.christian-pansch.de\\\/blog\\\/author\\\/admin\\\/\"}]}<\/script>\n<!-- \/ Yoast SEO plugin. -->","yoast_head_json":{"title":"Erwartungen an die morgige Apple Keynote - Social Media . Web Blog","robots":{"index":"index","follow":"follow","max-snippet":"max-snippet:-1","max-image-preview":"max-image-preview:large","max-video-preview":"max-video-preview:-1"},"canonical":"https:\/\/www.christian-pansch.de\/blog\/erwartungen-an-die-morgige-apple-keynote-2681\/","og_locale":"de_DE","og_type":"article","og_title":"Erwartungen an die morgige Apple Keynote - Social Media . Web Blog","og_description":"Am 12. September 2018 kommt wieder eine langerwartete Keynote von Apple. Auch wenn keine sensationellen Neuheiten erwartet werden, schaut die Technik-Welt trotzdem wie immer gespannt auf die B\u00fchne im Apple Park in Cupertino, wo Chef Tim Cook seinen gro\u00dfen Auftritt haben wird.","og_url":"https:\/\/www.christian-pansch.de\/blog\/erwartungen-an-die-morgige-apple-keynote-2681\/","og_site_name":"Social Media . Web Blog","article_published_time":"2018-09-11T19:08:28+00:00","article_modified_time":"2018-09-12T13:05:05+00:00","og_image":[{"url":"https:\/\/www.christian-pansch.de\/blog\/wp-content\/uploads\/2018\/09\/apple-keynote-september-2018-e1536672086468.jpg","type":"","width":"","height":""}],"author":"Christian Pansch","twitter_card":"summary_large_image","twitter_misc":{"Verfasst von":"Christian Pansch","Gesch\u00e4tzte Lesezeit":"3\u00a0Minuten"},"schema":{"@context":"https:\/\/schema.org","@graph":[{"@type":"Article","@id":"https:\/\/www.christian-pansch.de\/blog\/erwartungen-an-die-morgige-apple-keynote-2681\/#article","isPartOf":{"@id":"https:\/\/www.christian-pansch.de\/blog\/erwartungen-an-die-morgige-apple-keynote-2681\/"},"author":{"name":"Christian Pansch","@id":"https:\/\/www.christian-pansch.de\/blog\/#\/schema\/person\/af4b04e973030b73eb5d7cbb4597d4eb"},"headline":"Erwartungen an die morgige Apple Keynote","datePublished":"2018-09-11T19:08:28+00:00","dateModified":"2018-09-12T13:05:05+00:00","mainEntityOfPage":{"@id":"https:\/\/www.christian-pansch.de\/blog\/erwartungen-an-die-morgige-apple-keynote-2681\/"},"wordCount":553,"commentCount":2,"image":{"@id":"https:\/\/www.christian-pansch.de\/blog\/erwartungen-an-die-morgige-apple-keynote-2681\/#primaryimage"},"thumbnailUrl":"https:\/\/www.christian-pansch.de\/blog\/wp-content\/uploads\/2018\/09\/apple-keynote-september-2018-e1536672086468.jpg","keywords":["apple","apple watch","iphone","keynote","mac","macbook"],"articleSection":["Apple, iPhone, iPad &amp; Co."],"inLanguage":"de","potentialAction":[{"@type":"CommentAction","name":"Comment","target":["https:\/\/www.christian-pansch.de\/blog\/erwartungen-an-die-morgige-apple-keynote-2681\/#respond"]}]},{"@type":"WebPage","@id":"https:\/\/www.christian-pansch.de\/blog\/erwartungen-an-die-morgige-apple-keynote-2681\/","url":"https:\/\/www.christian-pansch.de\/blog\/erwartungen-an-die-morgige-apple-keynote-2681\/","name":"Erwartungen an die morgige Apple Keynote - Social Media . Web Blog","isPartOf":{"@id":"https:\/\/www.christian-pansch.de\/blog\/#website"},"primaryImageOfPage":{"@id":"https:\/\/www.christian-pansch.de\/blog\/erwartungen-an-die-morgige-apple-keynote-2681\/#primaryimage"},"image":{"@id":"https:\/\/www.christian-pansch.de\/blog\/erwartungen-an-die-morgige-apple-keynote-2681\/#primaryimage"},"thumbnailUrl":"https:\/\/www.christian-pansch.de\/blog\/wp-content\/uploads\/2018\/09\/apple-keynote-september-2018-e1536672086468.jpg","datePublished":"2018-09-11T19:08:28+00:00","dateModified":"2018-09-12T13:05:05+00:00","author":{"@id":"https:\/\/www.christian-pansch.de\/blog\/#\/schema\/person\/af4b04e973030b73eb5d7cbb4597d4eb"},"breadcrumb":{"@id":"https:\/\/www.christian-pansch.de\/blog\/erwartungen-an-die-morgige-apple-keynote-2681\/#breadcrumb"},"inLanguage":"de","potentialAction":[{"@type":"ReadAction","target":["https:\/\/www.christian-pansch.de\/blog\/erwartungen-an-die-morgige-apple-keynote-2681\/"]}]},{"@type":"ImageObject","inLanguage":"de","@id":"https:\/\/www.christian-pansch.de\/blog\/erwartungen-an-die-morgige-apple-keynote-2681\/#primaryimage","url":"https:\/\/www.christian-pansch.de\/blog\/wp-content\/uploads\/2018\/09\/apple-keynote-september-2018-e1536672086468.jpg","contentUrl":"https:\/\/www.christian-pansch.de\/blog\/wp-content\/uploads\/2018\/09\/apple-keynote-september-2018-e1536672086468.jpg"},{"@type":"BreadcrumbList","@id":"https:\/\/www.christian-pansch.de\/blog\/erwartungen-an-die-morgige-apple-keynote-2681\/#breadcrumb","itemListElement":[{"@type":"ListItem","position":1,"name":"Startseite","item":"https:\/\/www.christian-pansch.de\/blog\/"},{"@type":"ListItem","position":2,"name":"Erwartungen an die morgige Apple Keynote"}]},{"@type":"WebSite","@id":"https:\/\/www.christian-pansch.de\/blog\/#website","url":"https:\/\/www.christian-pansch.de\/blog\/","name":"Social Media . Web Blog","description":"Das Blog von Christian Pansch \u00fcber Social Media, Webgeschehen, Mobile, Design, TYPO3 &amp; Co.","potentialAction":[{"@type":"SearchAction","target":{"@type":"EntryPoint","urlTemplate":"https:\/\/www.christian-pansch.de\/blog\/?s={search_term_string}"},"query-input":{"@type":"PropertyValueSpecification","valueRequired":true,"valueName":"search_term_string"}}],"inLanguage":"de"},{"@type":"Person","@id":"https:\/\/www.christian-pansch.de\/blog\/#\/schema\/person\/af4b04e973030b73eb5d7cbb4597d4eb","name":"Christian Pansch","sameAs":["http:\/\/www.christian-pansch.de"],"url":"https:\/\/www.christian-pansch.de\/blog\/author\/admin\/"}]}},"publishpress_future_action":{"enabled":false,"date":"2026-05-08 07:38:49","action":"change-status","newStatus":"draft","terms":[],"taxonomy":"category","extraData":[]},"publishpress_future_workflow_manual_trigger":{"enabledWorkflows":[]},"_links":{"self":[{"href":"https:\/\/www.christian-pansch.de\/blog\/wp-json\/wp\/v2\/posts\/2681","targetHints":{"allow":["GET"]}}],"collection":[{"href":"https:\/\/www.christian-pansch.de\/blog\/wp-json\/wp\/v2\/posts"}],"about":[{"href":"https:\/\/www.christian-pansch.de\/blog\/wp-json\/wp\/v2\/types\/post"}],"author":[{"embeddable":true,"href":"https:\/\/www.christian-pansch.de\/blog\/wp-json\/wp\/v2\/users\/1"}],"replies":[{"embeddable":true,"href":"https:\/\/www.christian-pansch.de\/blog\/wp-json\/wp\/v2\/comments?post=2681"}],"version-history":[{"count":7,"href":"https:\/\/www.christian-pansch.de\/blog\/wp-json\/wp\/v2\/posts\/2681\/revisions"}],"predecessor-version":[{"id":2690,"href":"https:\/\/www.christian-pansch.de\/blog\/wp-json\/wp\/v2\/posts\/2681\/revisions\/2690"}],"wp:attachment":[{"href":"https:\/\/www.christian-pansch.de\/blog\/wp-json\/wp\/v2\/media?parent=2681"}],"wp:term":[{"taxonomy":"category","embeddable":true,"href":"https:\/\/www.christian-pansch.de\/blog\/wp-json\/wp\/v2\/categories?post=2681"},{"taxonomy":"post_tag","embeddable":true,"href":"https:\/\/www.christian-pansch.de\/blog\/wp-json\/wp\/v2\/tags?post=2681"}],"curies":[{"name":"wp","href":"https:\/\/api.w.org\/{rel}","templated":true}]}}