{"id":2232,"date":"2017-04-29T18:51:46","date_gmt":"2017-04-29T16:51:46","guid":{"rendered":"http:\/\/www.christian-pansch.de\/blog\/?p=2232"},"modified":"2017-07-04T11:07:27","modified_gmt":"2017-07-04T09:07:27","slug":"instagram-hat-nun-schon-700-millionen-user-weltweit","status":"publish","type":"post","link":"https:\/\/www.christian-pansch.de\/blog\/instagram-hat-nun-schon-700-millionen-user-weltweit-2232\/","title":{"rendered":"Instagram hat nun schon 700 Millionen User weltweit"},"content":{"rendered":"<p><img loading=\"lazy\" decoding=\"async\" src=\"https:\/\/www.christian-pansch.de\/blog\/wp-content\/uploads\/2017\/04\/instagram-700-millionen-nutzer-e1499158241650.jpg\" alt=\"Instagram hat 700 Millionen Nutzer weltweit\" width=\"520\" height=\"352\" class=\"alignnone size-full wp-image-2303\" \/><\/p>\n<p>Instagram stellt einen neuen eigenen Benutzerrekord auf: 700 Millionen Menschen auf der ganzen Welt verwenden mittlerweile monatlich die Foto- und Video-App aus dem Facebook Universum. In nur vier Monaten hat das Netzwerk also \u00fcber 100 Millionen weitere aktive Nutzer gewinnen k\u00f6nnen.<\/p>\n<p><!--more--><\/p>\n<p>Die auf so gut wie Mobile-only ausgelegte App begeistert immer mehr User. Mit st\u00e4ndig neuen Features trifft die App den Nerv der Verwender. Die zuletzt eingef\u00fchrten &#8222;Stories&#8220;, also Momentaufnahmen, die lediglich 24 Stunden sichtbar sind und sich dann selbst wieder l\u00f6schen, werden sehr gut angenommen und erfreuen sich auch gro\u00dfer Beliebtheit bei Werbekunden, die zwischen den User-Geschichten eigene Beitr\u00e4ge zielgruppengenau schalten k\u00f6nnen. Eingesetzt werden die Stories schon von mehr als 200 Millionen t\u00e4glich &#8211; ein enorme Zahl, wenn man bedenkt, dass das Feature erst k\u00fcrzlich eingef\u00fchrt wurde. Letztlich wurde die Idee von der Konkurrenz Snapchat abgekupfert, die als erstes mit der Story-Funktion am Markt waren. Mittlerweile ist es jedoch etwas stiller um die einstige Hype-Applikation geworden. Instagram gr\u00e4bt in vielen Regionen der Welt der App mit dem gelben Geist-Icon stark das Wasser ab.<\/p>\n<p>Los ging es mit Instagram im Oktober 2010. Innerhalb des ersten Jahres wurde 10 Millionen Nutzer verzeichnet. Als Facebook im April 2012 zuschlug, ging es rapide nach vorne denn ein Jahr sp\u00e4ter waren es bereits \u00fcber 100 Millionen Nutzer &#8211; darauf folgten im Juni 2016 \u00fcber 500 Millionen User. Und es ist kein Ende in Sicht.<\/p>\n","protected":false},"excerpt":{"rendered":"<p>Instagram stellt einen neuen eigenen Benutzerrekord auf: 700 Millionen Menschen auf der ganzen Welt verwenden mittlerweile monatlich die Foto- und Video-App aus dem Facebook Universum. In nur vier Monaten hat das Netzwerk also \u00fcber 100 Millionen weitere aktive Nutzer gewinnen k\u00f6nnen.<\/p>\n","protected":false},"author":1,"featured_media":0,"comment_status":"open","ping_status":"open","sticky":false,"template":"","format":"standard","meta":{"footnotes":""},"categories":[177],"tags":[828,200,256,766],"class_list":["post-2232","post","type-post","status-publish","format-standard","hentry","category-social-media","tag-700-millionen","tag-facebook","tag-instagram","tag-snapchat"],"yoast_head":"<!-- This site is optimized with the Yoast SEO plugin v27.5 - https:\/\/yoast.com\/product\/yoast-seo-wordpress\/ -->\n<title>Instagram hat nun schon 700 Millionen User weltweit - Social Media . Web Blog<\/title>\n<meta name=\"robots\" content=\"index, follow, max-snippet:-1, max-image-preview:large, max-video-preview:-1\" \/>\n<link rel=\"canonical\" href=\"https:\/\/www.christian-pansch.de\/blog\/instagram-hat-nun-schon-700-millionen-user-weltweit-2232\/\" \/>\n<meta property=\"og:locale\" content=\"de_DE\" \/>\n<meta property=\"og:type\" content=\"article\" \/>\n<meta property=\"og:title\" content=\"Instagram hat nun schon 700 Millionen User weltweit - Social Media . Web Blog\" \/>\n<meta property=\"og:description\" content=\"Instagram stellt einen neuen eigenen Benutzerrekord auf: 700 Millionen Menschen auf der ganzen Welt verwenden mittlerweile monatlich die Foto- und Video-App aus dem Facebook Universum. In nur vier Monaten hat das Netzwerk also \u00fcber 100 Millionen weitere aktive Nutzer gewinnen k\u00f6nnen.\" \/>\n<meta property=\"og:url\" content=\"https:\/\/www.christian-pansch.de\/blog\/instagram-hat-nun-schon-700-millionen-user-weltweit-2232\/\" \/>\n<meta property=\"og:site_name\" content=\"Social Media . Web Blog\" \/>\n<meta property=\"article:published_time\" content=\"2017-04-29T16:51:46+00:00\" \/>\n<meta property=\"article:modified_time\" content=\"2017-07-04T09:07:27+00:00\" \/>\n<meta property=\"og:image\" content=\"https:\/\/www.christian-pansch.de\/blog\/wp-content\/uploads\/2017\/04\/instagram-700-millionen-nutzer-e1499158241650.jpg\" \/>\n<meta name=\"author\" content=\"Christian Pansch\" \/>\n<meta name=\"twitter:card\" content=\"summary_large_image\" \/>\n<meta name=\"twitter:label1\" content=\"Verfasst von\" \/>\n\t<meta name=\"twitter:data1\" content=\"Christian Pansch\" \/>\n\t<meta name=\"twitter:label2\" content=\"Gesch\u00e4tzte Lesezeit\" \/>\n\t<meta name=\"twitter:data2\" content=\"1\u00a0Minute\" \/>\n<script type=\"application\/ld+json\" class=\"yoast-schema-graph\">{\"@context\":\"https:\\\/\\\/schema.org\",\"@graph\":[{\"@type\":\"Article\",\"@id\":\"https:\\\/\\\/www.christian-pansch.de\\\/blog\\\/instagram-hat-nun-schon-700-millionen-user-weltweit-2232\\\/#article\",\"isPartOf\":{\"@id\":\"https:\\\/\\\/www.christian-pansch.de\\\/blog\\\/instagram-hat-nun-schon-700-millionen-user-weltweit-2232\\\/\"},\"author\":{\"name\":\"Christian Pansch\",\"@id\":\"https:\\\/\\\/www.christian-pansch.de\\\/blog\\\/#\\\/schema\\\/person\\\/af4b04e973030b73eb5d7cbb4597d4eb\"},\"headline\":\"Instagram hat nun schon 700 Millionen User weltweit\",\"datePublished\":\"2017-04-29T16:51:46+00:00\",\"dateModified\":\"2017-07-04T09:07:27+00:00\",\"mainEntityOfPage\":{\"@id\":\"https:\\\/\\\/www.christian-pansch.de\\\/blog\\\/instagram-hat-nun-schon-700-millionen-user-weltweit-2232\\\/\"},\"wordCount\":239,\"commentCount\":0,\"image\":{\"@id\":\"https:\\\/\\\/www.christian-pansch.de\\\/blog\\\/instagram-hat-nun-schon-700-millionen-user-weltweit-2232\\\/#primaryimage\"},\"thumbnailUrl\":\"https:\\\/\\\/www.christian-pansch.de\\\/blog\\\/wp-content\\\/uploads\\\/2017\\\/04\\\/instagram-700-millionen-nutzer-e1499158241650.jpg\",\"keywords\":[\"700 millionen\",\"facebook\",\"instagram\",\"snapchat\"],\"articleSection\":[\"Social Media\"],\"inLanguage\":\"de\",\"potentialAction\":[{\"@type\":\"CommentAction\",\"name\":\"Comment\",\"target\":[\"https:\\\/\\\/www.christian-pansch.de\\\/blog\\\/instagram-hat-nun-schon-700-millionen-user-weltweit-2232\\\/#respond\"]}]},{\"@type\":\"WebPage\",\"@id\":\"https:\\\/\\\/www.christian-pansch.de\\\/blog\\\/instagram-hat-nun-schon-700-millionen-user-weltweit-2232\\\/\",\"url\":\"https:\\\/\\\/www.christian-pansch.de\\\/blog\\\/instagram-hat-nun-schon-700-millionen-user-weltweit-2232\\\/\",\"name\":\"Instagram hat nun schon 700 Millionen User weltweit - Social Media . Web Blog\",\"isPartOf\":{\"@id\":\"https:\\\/\\\/www.christian-pansch.de\\\/blog\\\/#website\"},\"primaryImageOfPage\":{\"@id\":\"https:\\\/\\\/www.christian-pansch.de\\\/blog\\\/instagram-hat-nun-schon-700-millionen-user-weltweit-2232\\\/#primaryimage\"},\"image\":{\"@id\":\"https:\\\/\\\/www.christian-pansch.de\\\/blog\\\/instagram-hat-nun-schon-700-millionen-user-weltweit-2232\\\/#primaryimage\"},\"thumbnailUrl\":\"https:\\\/\\\/www.christian-pansch.de\\\/blog\\\/wp-content\\\/uploads\\\/2017\\\/04\\\/instagram-700-millionen-nutzer-e1499158241650.jpg\",\"datePublished\":\"2017-04-29T16:51:46+00:00\",\"dateModified\":\"2017-07-04T09:07:27+00:00\",\"author\":{\"@id\":\"https:\\\/\\\/www.christian-pansch.de\\\/blog\\\/#\\\/schema\\\/person\\\/af4b04e973030b73eb5d7cbb4597d4eb\"},\"breadcrumb\":{\"@id\":\"https:\\\/\\\/www.christian-pansch.de\\\/blog\\\/instagram-hat-nun-schon-700-millionen-user-weltweit-2232\\\/#breadcrumb\"},\"inLanguage\":\"de\",\"potentialAction\":[{\"@type\":\"ReadAction\",\"target\":[\"https:\\\/\\\/www.christian-pansch.de\\\/blog\\\/instagram-hat-nun-schon-700-millionen-user-weltweit-2232\\\/\"]}]},{\"@type\":\"ImageObject\",\"inLanguage\":\"de\",\"@id\":\"https:\\\/\\\/www.christian-pansch.de\\\/blog\\\/instagram-hat-nun-schon-700-millionen-user-weltweit-2232\\\/#primaryimage\",\"url\":\"https:\\\/\\\/www.christian-pansch.de\\\/blog\\\/wp-content\\\/uploads\\\/2017\\\/04\\\/instagram-700-millionen-nutzer-e1499158241650.jpg\",\"contentUrl\":\"https:\\\/\\\/www.christian-pansch.de\\\/blog\\\/wp-content\\\/uploads\\\/2017\\\/04\\\/instagram-700-millionen-nutzer-e1499158241650.jpg\"},{\"@type\":\"BreadcrumbList\",\"@id\":\"https:\\\/\\\/www.christian-pansch.de\\\/blog\\\/instagram-hat-nun-schon-700-millionen-user-weltweit-2232\\\/#breadcrumb\",\"itemListElement\":[{\"@type\":\"ListItem\",\"position\":1,\"name\":\"Startseite\",\"item\":\"https:\\\/\\\/www.christian-pansch.de\\\/blog\\\/\"},{\"@type\":\"ListItem\",\"position\":2,\"name\":\"Instagram hat nun schon 700 Millionen User weltweit\"}]},{\"@type\":\"WebSite\",\"@id\":\"https:\\\/\\\/www.christian-pansch.de\\\/blog\\\/#website\",\"url\":\"https:\\\/\\\/www.christian-pansch.de\\\/blog\\\/\",\"name\":\"Social Media . Web Blog\",\"description\":\"Das Blog von Christian Pansch \u00fcber Social Media, Webgeschehen, Mobile, Design, TYPO3 &amp; Co.\",\"potentialAction\":[{\"@type\":\"SearchAction\",\"target\":{\"@type\":\"EntryPoint\",\"urlTemplate\":\"https:\\\/\\\/www.christian-pansch.de\\\/blog\\\/?s={search_term_string}\"},\"query-input\":{\"@type\":\"PropertyValueSpecification\",\"valueRequired\":true,\"valueName\":\"search_term_string\"}}],\"inLanguage\":\"de\"},{\"@type\":\"Person\",\"@id\":\"https:\\\/\\\/www.christian-pansch.de\\\/blog\\\/#\\\/schema\\\/person\\\/af4b04e973030b73eb5d7cbb4597d4eb\",\"name\":\"Christian Pansch\",\"sameAs\":[\"http:\\\/\\\/www.christian-pansch.de\"],\"url\":\"https:\\\/\\\/www.christian-pansch.de\\\/blog\\\/author\\\/admin\\\/\"}]}<\/script>\n<!-- \/ Yoast SEO plugin. -->","yoast_head_json":{"title":"Instagram hat nun schon 700 Millionen User weltweit - Social Media . Web Blog","robots":{"index":"index","follow":"follow","max-snippet":"max-snippet:-1","max-image-preview":"max-image-preview:large","max-video-preview":"max-video-preview:-1"},"canonical":"https:\/\/www.christian-pansch.de\/blog\/instagram-hat-nun-schon-700-millionen-user-weltweit-2232\/","og_locale":"de_DE","og_type":"article","og_title":"Instagram hat nun schon 700 Millionen User weltweit - Social Media . Web Blog","og_description":"Instagram stellt einen neuen eigenen Benutzerrekord auf: 700 Millionen Menschen auf der ganzen Welt verwenden mittlerweile monatlich die Foto- und Video-App aus dem Facebook Universum. In nur vier Monaten hat das Netzwerk also \u00fcber 100 Millionen weitere aktive Nutzer gewinnen k\u00f6nnen.","og_url":"https:\/\/www.christian-pansch.de\/blog\/instagram-hat-nun-schon-700-millionen-user-weltweit-2232\/","og_site_name":"Social Media . Web Blog","article_published_time":"2017-04-29T16:51:46+00:00","article_modified_time":"2017-07-04T09:07:27+00:00","og_image":[{"url":"https:\/\/www.christian-pansch.de\/blog\/wp-content\/uploads\/2017\/04\/instagram-700-millionen-nutzer-e1499158241650.jpg","type":"","width":"","height":""}],"author":"Christian Pansch","twitter_card":"summary_large_image","twitter_misc":{"Verfasst von":"Christian Pansch","Gesch\u00e4tzte Lesezeit":"1\u00a0Minute"},"schema":{"@context":"https:\/\/schema.org","@graph":[{"@type":"Article","@id":"https:\/\/www.christian-pansch.de\/blog\/instagram-hat-nun-schon-700-millionen-user-weltweit-2232\/#article","isPartOf":{"@id":"https:\/\/www.christian-pansch.de\/blog\/instagram-hat-nun-schon-700-millionen-user-weltweit-2232\/"},"author":{"name":"Christian Pansch","@id":"https:\/\/www.christian-pansch.de\/blog\/#\/schema\/person\/af4b04e973030b73eb5d7cbb4597d4eb"},"headline":"Instagram hat nun schon 700 Millionen User weltweit","datePublished":"2017-04-29T16:51:46+00:00","dateModified":"2017-07-04T09:07:27+00:00","mainEntityOfPage":{"@id":"https:\/\/www.christian-pansch.de\/blog\/instagram-hat-nun-schon-700-millionen-user-weltweit-2232\/"},"wordCount":239,"commentCount":0,"image":{"@id":"https:\/\/www.christian-pansch.de\/blog\/instagram-hat-nun-schon-700-millionen-user-weltweit-2232\/#primaryimage"},"thumbnailUrl":"https:\/\/www.christian-pansch.de\/blog\/wp-content\/uploads\/2017\/04\/instagram-700-millionen-nutzer-e1499158241650.jpg","keywords":["700 millionen","facebook","instagram","snapchat"],"articleSection":["Social Media"],"inLanguage":"de","potentialAction":[{"@type":"CommentAction","name":"Comment","target":["https:\/\/www.christian-pansch.de\/blog\/instagram-hat-nun-schon-700-millionen-user-weltweit-2232\/#respond"]}]},{"@type":"WebPage","@id":"https:\/\/www.christian-pansch.de\/blog\/instagram-hat-nun-schon-700-millionen-user-weltweit-2232\/","url":"https:\/\/www.christian-pansch.de\/blog\/instagram-hat-nun-schon-700-millionen-user-weltweit-2232\/","name":"Instagram hat nun schon 700 Millionen User weltweit - Social Media . Web Blog","isPartOf":{"@id":"https:\/\/www.christian-pansch.de\/blog\/#website"},"primaryImageOfPage":{"@id":"https:\/\/www.christian-pansch.de\/blog\/instagram-hat-nun-schon-700-millionen-user-weltweit-2232\/#primaryimage"},"image":{"@id":"https:\/\/www.christian-pansch.de\/blog\/instagram-hat-nun-schon-700-millionen-user-weltweit-2232\/#primaryimage"},"thumbnailUrl":"https:\/\/www.christian-pansch.de\/blog\/wp-content\/uploads\/2017\/04\/instagram-700-millionen-nutzer-e1499158241650.jpg","datePublished":"2017-04-29T16:51:46+00:00","dateModified":"2017-07-04T09:07:27+00:00","author":{"@id":"https:\/\/www.christian-pansch.de\/blog\/#\/schema\/person\/af4b04e973030b73eb5d7cbb4597d4eb"},"breadcrumb":{"@id":"https:\/\/www.christian-pansch.de\/blog\/instagram-hat-nun-schon-700-millionen-user-weltweit-2232\/#breadcrumb"},"inLanguage":"de","potentialAction":[{"@type":"ReadAction","target":["https:\/\/www.christian-pansch.de\/blog\/instagram-hat-nun-schon-700-millionen-user-weltweit-2232\/"]}]},{"@type":"ImageObject","inLanguage":"de","@id":"https:\/\/www.christian-pansch.de\/blog\/instagram-hat-nun-schon-700-millionen-user-weltweit-2232\/#primaryimage","url":"https:\/\/www.christian-pansch.de\/blog\/wp-content\/uploads\/2017\/04\/instagram-700-millionen-nutzer-e1499158241650.jpg","contentUrl":"https:\/\/www.christian-pansch.de\/blog\/wp-content\/uploads\/2017\/04\/instagram-700-millionen-nutzer-e1499158241650.jpg"},{"@type":"BreadcrumbList","@id":"https:\/\/www.christian-pansch.de\/blog\/instagram-hat-nun-schon-700-millionen-user-weltweit-2232\/#breadcrumb","itemListElement":[{"@type":"ListItem","position":1,"name":"Startseite","item":"https:\/\/www.christian-pansch.de\/blog\/"},{"@type":"ListItem","position":2,"name":"Instagram hat nun schon 700 Millionen User weltweit"}]},{"@type":"WebSite","@id":"https:\/\/www.christian-pansch.de\/blog\/#website","url":"https:\/\/www.christian-pansch.de\/blog\/","name":"Social Media . Web Blog","description":"Das Blog von Christian Pansch \u00fcber Social Media, Webgeschehen, Mobile, Design, TYPO3 &amp; Co.","potentialAction":[{"@type":"SearchAction","target":{"@type":"EntryPoint","urlTemplate":"https:\/\/www.christian-pansch.de\/blog\/?s={search_term_string}"},"query-input":{"@type":"PropertyValueSpecification","valueRequired":true,"valueName":"search_term_string"}}],"inLanguage":"de"},{"@type":"Person","@id":"https:\/\/www.christian-pansch.de\/blog\/#\/schema\/person\/af4b04e973030b73eb5d7cbb4597d4eb","name":"Christian Pansch","sameAs":["http:\/\/www.christian-pansch.de"],"url":"https:\/\/www.christian-pansch.de\/blog\/author\/admin\/"}]}},"publishpress_future_action":{"enabled":false,"date":"2026-05-10 16:27:14","action":"change-status","newStatus":"draft","terms":[],"taxonomy":"category","extraData":[]},"publishpress_future_workflow_manual_trigger":{"enabledWorkflows":[]},"_links":{"self":[{"href":"https:\/\/www.christian-pansch.de\/blog\/wp-json\/wp\/v2\/posts\/2232","targetHints":{"allow":["GET"]}}],"collection":[{"href":"https:\/\/www.christian-pansch.de\/blog\/wp-json\/wp\/v2\/posts"}],"about":[{"href":"https:\/\/www.christian-pansch.de\/blog\/wp-json\/wp\/v2\/types\/post"}],"author":[{"embeddable":true,"href":"https:\/\/www.christian-pansch.de\/blog\/wp-json\/wp\/v2\/users\/1"}],"replies":[{"embeddable":true,"href":"https:\/\/www.christian-pansch.de\/blog\/wp-json\/wp\/v2\/comments?post=2232"}],"version-history":[{"count":4,"href":"https:\/\/www.christian-pansch.de\/blog\/wp-json\/wp\/v2\/posts\/2232\/revisions"}],"predecessor-version":[{"id":2306,"href":"https:\/\/www.christian-pansch.de\/blog\/wp-json\/wp\/v2\/posts\/2232\/revisions\/2306"}],"wp:attachment":[{"href":"https:\/\/www.christian-pansch.de\/blog\/wp-json\/wp\/v2\/media?parent=2232"}],"wp:term":[{"taxonomy":"category","embeddable":true,"href":"https:\/\/www.christian-pansch.de\/blog\/wp-json\/wp\/v2\/categories?post=2232"},{"taxonomy":"post_tag","embeddable":true,"href":"https:\/\/www.christian-pansch.de\/blog\/wp-json\/wp\/v2\/tags?post=2232"}],"curies":[{"name":"wp","href":"https:\/\/api.w.org\/{rel}","templated":true}]}}