{"id":2190,"date":"2017-04-12T20:41:40","date_gmt":"2017-04-12T18:41:40","guid":{"rendered":"http:\/\/www.christian-pansch.de\/blog\/?p=2190"},"modified":"2017-04-12T13:43:05","modified_gmt":"2017-04-12T11:43:05","slug":"facebook-verzeichnet-5-millionen-werbekunden","status":"publish","type":"post","link":"https:\/\/www.christian-pansch.de\/blog\/facebook-verzeichnet-5-millionen-werbekunden-2190\/","title":{"rendered":"Facebook verzeichnet 5 Millionen Werbekunden"},"content":{"rendered":"<p>Es l\u00e4uft einfach bei Facebook! K\u00fcrzlich gab das soziale Netzwerk bekannt, dass \u00fcber f\u00fcnf Millionen Unternehmen auf Facebook Werbung schalten. Ein Gro\u00dfteil davon spielt sich im Bereich &#8222;Mobile&#8220; ab und hier liegt auch weiterhin das gr\u00f6\u00dfte Wachstumspotential.<\/p>\n<p><img decoding=\"async\" src=\"https:\/\/www.christian-pansch.de\/blog\/wp-content\/uploads\/2017\/04\/facebook-ads-5-millionen-kunden.jpg\" alt=\"5 Millionen Werbekunden nutzen Facebook Ads\" width=\"550\" class=\"alignnone size-full wp-image-2203\" \/><\/p>\n<p><!--more--><\/p>\n<p>Facebook gibt weitere Zahlen raus: Laut Netzwerkangaben verf\u00fcgen nun schon \u00fcber 65 Millionen Unternehmen \u00fcber eine eigene Facebook Page. Das Facebook Advertising System nutzen auf der ganzen Welt \u00fcber f\u00fcnf Millionen Werbetreibende. In Deutschland nutzen \u00fcber eine Millionen Unternehmen das Werbeangebot des Social Networks. Diese Zahl an Werbekunden erreichte Facebook weltweit Mitte 2013, im letzten Jahr im September 2016 lie\u00df man dann verlautbaren, dass es bereits \u00fcber vier Millionen aktive Werbetreibende auf Facebook gibt &#8211; und nun ein gutes halbes Jahr sp\u00e4ter also der weitere Sprung \u00fcber die Marke von f\u00fcnf Millionen Werbekunden weltweit.<\/p>\n<p>Treibende Kraft dabei ist das Thema Mobile Marketing, da hier auch die meisten Nutzer anzutreffen sind. Facebook wird zu gut 90 Prozent von mobilen Endger\u00e4ten aus angesteuert, seien es Smartphones oder Tablets. Und genau in diesem Bereich will Facebook nun noch st\u00e4rker wachsen und baut die eigene Werbeanzeigenmanager-App weiter aus. Advertising Kampagnen k\u00f6nnen zuk\u00fcnftig auch \u00fcber das Smartphone gesteuert und mit dem neuen Mobile Studio direkt aufgesetzt werden. Unternehmen haben so ein gutes Tool an der Hand, um den Erfolg der eigenen Anzeigen zu kontrollieren, Ads miteinander zu vergleichen und weitere Optimierungen durchzuf\u00fchren. Au\u00dferdem gibt Facebook im Mobile Studio kleine Tipps und Hinweise f\u00fcr bessere oder kreativere Anzeigen, die in der Zielgruppe besser ankommen k\u00f6nnen.<\/p>\n<p>Haupts\u00e4chlich schalten Firmen aus den Branchen E-Commerce, Medien &#038; Entertainment sowie Einzelhandel Facebook Anzeigen. Die Schaltung von Anzeigen auf mobilen Endger\u00e4ten nimmt stetig zu. Mit der wachsenden Zahl der Interessenten von Werbung bei Facebook merken Werbetreibende auch einen leichten Kostenanstieg. Facebook erschlie\u00dft daher immer weitere Werbepotentiale, um zus\u00e4tzliche Werbefl\u00e4che innerhalb des Netzwerkes anzubieten. Wohin diese Entwicklung noch gehen wird, wird man in den n\u00e4chsten Monaten erfahren k\u00f6nnen.<\/p>\n","protected":false},"excerpt":{"rendered":"<p>Es l\u00e4uft einfach bei Facebook! K\u00fcrzlich gab das soziale Netzwerk bekannt, dass \u00fcber f\u00fcnf Millionen Unternehmen auf Facebook Werbung schalten. Ein Gro\u00dfteil davon spielt sich im Bereich &#8222;Mobile&#8220; ab und hier liegt auch weiterhin das gr\u00f6\u00dfte Wachstumspotential.<\/p>\n","protected":false},"author":1,"featured_media":0,"comment_status":"open","ping_status":"open","sticky":false,"template":"","format":"standard","meta":{"footnotes":""},"categories":[42,177],"tags":[817,347,210,200,818,213],"class_list":["post-2190","post","type-post","status-publish","format-standard","hentry","category-seo-online-marketing","category-social-media","tag-5-millionen","tag-ads","tag-anzeigen","tag-facebook","tag-mobile-studio","tag-werbung"],"yoast_head":"<!-- This site is optimized with the Yoast SEO plugin v27.5 - https:\/\/yoast.com\/product\/yoast-seo-wordpress\/ -->\n<title>Facebook verzeichnet 5 Millionen Werbekunden - Social Media . Web Blog<\/title>\n<meta name=\"robots\" content=\"index, follow, max-snippet:-1, max-image-preview:large, max-video-preview:-1\" \/>\n<link rel=\"canonical\" href=\"https:\/\/www.christian-pansch.de\/blog\/facebook-verzeichnet-5-millionen-werbekunden-2190\/\" \/>\n<meta property=\"og:locale\" content=\"de_DE\" \/>\n<meta property=\"og:type\" content=\"article\" \/>\n<meta property=\"og:title\" content=\"Facebook verzeichnet 5 Millionen Werbekunden - Social Media . Web Blog\" \/>\n<meta property=\"og:description\" content=\"Es l\u00e4uft einfach bei Facebook! K\u00fcrzlich gab das soziale Netzwerk bekannt, dass \u00fcber f\u00fcnf Millionen Unternehmen auf Facebook Werbung schalten. Ein Gro\u00dfteil davon spielt sich im Bereich &#8222;Mobile&#8220; ab und hier liegt auch weiterhin das gr\u00f6\u00dfte Wachstumspotential.\" \/>\n<meta property=\"og:url\" content=\"https:\/\/www.christian-pansch.de\/blog\/facebook-verzeichnet-5-millionen-werbekunden-2190\/\" \/>\n<meta property=\"og:site_name\" content=\"Social Media . Web Blog\" \/>\n<meta property=\"article:published_time\" content=\"2017-04-12T18:41:40+00:00\" \/>\n<meta property=\"og:image\" content=\"https:\/\/www.christian-pansch.de\/blog\/wp-content\/uploads\/2017\/04\/facebook-ads-5-millionen-kunden.jpg\" \/>\n<meta name=\"author\" content=\"Christian Pansch\" \/>\n<meta name=\"twitter:card\" content=\"summary_large_image\" \/>\n<meta name=\"twitter:label1\" content=\"Verfasst von\" \/>\n\t<meta name=\"twitter:data1\" content=\"Christian Pansch\" \/>\n\t<meta name=\"twitter:label2\" content=\"Gesch\u00e4tzte Lesezeit\" \/>\n\t<meta name=\"twitter:data2\" content=\"2\u00a0Minuten\" \/>\n<script type=\"application\/ld+json\" class=\"yoast-schema-graph\">{\"@context\":\"https:\\\/\\\/schema.org\",\"@graph\":[{\"@type\":\"Article\",\"@id\":\"https:\\\/\\\/www.christian-pansch.de\\\/blog\\\/facebook-verzeichnet-5-millionen-werbekunden-2190\\\/#article\",\"isPartOf\":{\"@id\":\"https:\\\/\\\/www.christian-pansch.de\\\/blog\\\/facebook-verzeichnet-5-millionen-werbekunden-2190\\\/\"},\"author\":{\"name\":\"Christian Pansch\",\"@id\":\"https:\\\/\\\/www.christian-pansch.de\\\/blog\\\/#\\\/schema\\\/person\\\/af4b04e973030b73eb5d7cbb4597d4eb\"},\"headline\":\"Facebook verzeichnet 5 Millionen Werbekunden\",\"datePublished\":\"2017-04-12T18:41:40+00:00\",\"mainEntityOfPage\":{\"@id\":\"https:\\\/\\\/www.christian-pansch.de\\\/blog\\\/facebook-verzeichnet-5-millionen-werbekunden-2190\\\/\"},\"wordCount\":336,\"commentCount\":0,\"image\":{\"@id\":\"https:\\\/\\\/www.christian-pansch.de\\\/blog\\\/facebook-verzeichnet-5-millionen-werbekunden-2190\\\/#primaryimage\"},\"thumbnailUrl\":\"https:\\\/\\\/www.christian-pansch.de\\\/blog\\\/wp-content\\\/uploads\\\/2017\\\/04\\\/facebook-ads-5-millionen-kunden.jpg\",\"keywords\":[\"5 millionen\",\"ads\",\"anzeigen\",\"facebook\",\"mobile studio\",\"werbung\"],\"articleSection\":[\"SEO &amp; Online Marketing\",\"Social Media\"],\"inLanguage\":\"de\",\"potentialAction\":[{\"@type\":\"CommentAction\",\"name\":\"Comment\",\"target\":[\"https:\\\/\\\/www.christian-pansch.de\\\/blog\\\/facebook-verzeichnet-5-millionen-werbekunden-2190\\\/#respond\"]}]},{\"@type\":\"WebPage\",\"@id\":\"https:\\\/\\\/www.christian-pansch.de\\\/blog\\\/facebook-verzeichnet-5-millionen-werbekunden-2190\\\/\",\"url\":\"https:\\\/\\\/www.christian-pansch.de\\\/blog\\\/facebook-verzeichnet-5-millionen-werbekunden-2190\\\/\",\"name\":\"Facebook verzeichnet 5 Millionen Werbekunden - Social Media . Web Blog\",\"isPartOf\":{\"@id\":\"https:\\\/\\\/www.christian-pansch.de\\\/blog\\\/#website\"},\"primaryImageOfPage\":{\"@id\":\"https:\\\/\\\/www.christian-pansch.de\\\/blog\\\/facebook-verzeichnet-5-millionen-werbekunden-2190\\\/#primaryimage\"},\"image\":{\"@id\":\"https:\\\/\\\/www.christian-pansch.de\\\/blog\\\/facebook-verzeichnet-5-millionen-werbekunden-2190\\\/#primaryimage\"},\"thumbnailUrl\":\"https:\\\/\\\/www.christian-pansch.de\\\/blog\\\/wp-content\\\/uploads\\\/2017\\\/04\\\/facebook-ads-5-millionen-kunden.jpg\",\"datePublished\":\"2017-04-12T18:41:40+00:00\",\"author\":{\"@id\":\"https:\\\/\\\/www.christian-pansch.de\\\/blog\\\/#\\\/schema\\\/person\\\/af4b04e973030b73eb5d7cbb4597d4eb\"},\"breadcrumb\":{\"@id\":\"https:\\\/\\\/www.christian-pansch.de\\\/blog\\\/facebook-verzeichnet-5-millionen-werbekunden-2190\\\/#breadcrumb\"},\"inLanguage\":\"de\",\"potentialAction\":[{\"@type\":\"ReadAction\",\"target\":[\"https:\\\/\\\/www.christian-pansch.de\\\/blog\\\/facebook-verzeichnet-5-millionen-werbekunden-2190\\\/\"]}]},{\"@type\":\"ImageObject\",\"inLanguage\":\"de\",\"@id\":\"https:\\\/\\\/www.christian-pansch.de\\\/blog\\\/facebook-verzeichnet-5-millionen-werbekunden-2190\\\/#primaryimage\",\"url\":\"https:\\\/\\\/www.christian-pansch.de\\\/blog\\\/wp-content\\\/uploads\\\/2017\\\/04\\\/facebook-ads-5-millionen-kunden.jpg\",\"contentUrl\":\"https:\\\/\\\/www.christian-pansch.de\\\/blog\\\/wp-content\\\/uploads\\\/2017\\\/04\\\/facebook-ads-5-millionen-kunden.jpg\"},{\"@type\":\"BreadcrumbList\",\"@id\":\"https:\\\/\\\/www.christian-pansch.de\\\/blog\\\/facebook-verzeichnet-5-millionen-werbekunden-2190\\\/#breadcrumb\",\"itemListElement\":[{\"@type\":\"ListItem\",\"position\":1,\"name\":\"Startseite\",\"item\":\"https:\\\/\\\/www.christian-pansch.de\\\/blog\\\/\"},{\"@type\":\"ListItem\",\"position\":2,\"name\":\"Facebook verzeichnet 5 Millionen Werbekunden\"}]},{\"@type\":\"WebSite\",\"@id\":\"https:\\\/\\\/www.christian-pansch.de\\\/blog\\\/#website\",\"url\":\"https:\\\/\\\/www.christian-pansch.de\\\/blog\\\/\",\"name\":\"Social Media . Web Blog\",\"description\":\"Das Blog von Christian Pansch \u00fcber Social Media, Webgeschehen, Mobile, Design, TYPO3 &amp; Co.\",\"potentialAction\":[{\"@type\":\"SearchAction\",\"target\":{\"@type\":\"EntryPoint\",\"urlTemplate\":\"https:\\\/\\\/www.christian-pansch.de\\\/blog\\\/?s={search_term_string}\"},\"query-input\":{\"@type\":\"PropertyValueSpecification\",\"valueRequired\":true,\"valueName\":\"search_term_string\"}}],\"inLanguage\":\"de\"},{\"@type\":\"Person\",\"@id\":\"https:\\\/\\\/www.christian-pansch.de\\\/blog\\\/#\\\/schema\\\/person\\\/af4b04e973030b73eb5d7cbb4597d4eb\",\"name\":\"Christian Pansch\",\"sameAs\":[\"http:\\\/\\\/www.christian-pansch.de\"],\"url\":\"https:\\\/\\\/www.christian-pansch.de\\\/blog\\\/author\\\/admin\\\/\"}]}<\/script>\n<!-- \/ Yoast SEO plugin. -->","yoast_head_json":{"title":"Facebook verzeichnet 5 Millionen Werbekunden - Social Media . Web Blog","robots":{"index":"index","follow":"follow","max-snippet":"max-snippet:-1","max-image-preview":"max-image-preview:large","max-video-preview":"max-video-preview:-1"},"canonical":"https:\/\/www.christian-pansch.de\/blog\/facebook-verzeichnet-5-millionen-werbekunden-2190\/","og_locale":"de_DE","og_type":"article","og_title":"Facebook verzeichnet 5 Millionen Werbekunden - Social Media . Web Blog","og_description":"Es l\u00e4uft einfach bei Facebook! K\u00fcrzlich gab das soziale Netzwerk bekannt, dass \u00fcber f\u00fcnf Millionen Unternehmen auf Facebook Werbung schalten. Ein Gro\u00dfteil davon spielt sich im Bereich &#8222;Mobile&#8220; ab und hier liegt auch weiterhin das gr\u00f6\u00dfte Wachstumspotential.","og_url":"https:\/\/www.christian-pansch.de\/blog\/facebook-verzeichnet-5-millionen-werbekunden-2190\/","og_site_name":"Social Media . Web Blog","article_published_time":"2017-04-12T18:41:40+00:00","og_image":[{"url":"https:\/\/www.christian-pansch.de\/blog\/wp-content\/uploads\/2017\/04\/facebook-ads-5-millionen-kunden.jpg","type":"","width":"","height":""}],"author":"Christian Pansch","twitter_card":"summary_large_image","twitter_misc":{"Verfasst von":"Christian Pansch","Gesch\u00e4tzte Lesezeit":"2\u00a0Minuten"},"schema":{"@context":"https:\/\/schema.org","@graph":[{"@type":"Article","@id":"https:\/\/www.christian-pansch.de\/blog\/facebook-verzeichnet-5-millionen-werbekunden-2190\/#article","isPartOf":{"@id":"https:\/\/www.christian-pansch.de\/blog\/facebook-verzeichnet-5-millionen-werbekunden-2190\/"},"author":{"name":"Christian Pansch","@id":"https:\/\/www.christian-pansch.de\/blog\/#\/schema\/person\/af4b04e973030b73eb5d7cbb4597d4eb"},"headline":"Facebook verzeichnet 5 Millionen Werbekunden","datePublished":"2017-04-12T18:41:40+00:00","mainEntityOfPage":{"@id":"https:\/\/www.christian-pansch.de\/blog\/facebook-verzeichnet-5-millionen-werbekunden-2190\/"},"wordCount":336,"commentCount":0,"image":{"@id":"https:\/\/www.christian-pansch.de\/blog\/facebook-verzeichnet-5-millionen-werbekunden-2190\/#primaryimage"},"thumbnailUrl":"https:\/\/www.christian-pansch.de\/blog\/wp-content\/uploads\/2017\/04\/facebook-ads-5-millionen-kunden.jpg","keywords":["5 millionen","ads","anzeigen","facebook","mobile studio","werbung"],"articleSection":["SEO &amp; Online Marketing","Social Media"],"inLanguage":"de","potentialAction":[{"@type":"CommentAction","name":"Comment","target":["https:\/\/www.christian-pansch.de\/blog\/facebook-verzeichnet-5-millionen-werbekunden-2190\/#respond"]}]},{"@type":"WebPage","@id":"https:\/\/www.christian-pansch.de\/blog\/facebook-verzeichnet-5-millionen-werbekunden-2190\/","url":"https:\/\/www.christian-pansch.de\/blog\/facebook-verzeichnet-5-millionen-werbekunden-2190\/","name":"Facebook verzeichnet 5 Millionen Werbekunden - Social Media . Web Blog","isPartOf":{"@id":"https:\/\/www.christian-pansch.de\/blog\/#website"},"primaryImageOfPage":{"@id":"https:\/\/www.christian-pansch.de\/blog\/facebook-verzeichnet-5-millionen-werbekunden-2190\/#primaryimage"},"image":{"@id":"https:\/\/www.christian-pansch.de\/blog\/facebook-verzeichnet-5-millionen-werbekunden-2190\/#primaryimage"},"thumbnailUrl":"https:\/\/www.christian-pansch.de\/blog\/wp-content\/uploads\/2017\/04\/facebook-ads-5-millionen-kunden.jpg","datePublished":"2017-04-12T18:41:40+00:00","author":{"@id":"https:\/\/www.christian-pansch.de\/blog\/#\/schema\/person\/af4b04e973030b73eb5d7cbb4597d4eb"},"breadcrumb":{"@id":"https:\/\/www.christian-pansch.de\/blog\/facebook-verzeichnet-5-millionen-werbekunden-2190\/#breadcrumb"},"inLanguage":"de","potentialAction":[{"@type":"ReadAction","target":["https:\/\/www.christian-pansch.de\/blog\/facebook-verzeichnet-5-millionen-werbekunden-2190\/"]}]},{"@type":"ImageObject","inLanguage":"de","@id":"https:\/\/www.christian-pansch.de\/blog\/facebook-verzeichnet-5-millionen-werbekunden-2190\/#primaryimage","url":"https:\/\/www.christian-pansch.de\/blog\/wp-content\/uploads\/2017\/04\/facebook-ads-5-millionen-kunden.jpg","contentUrl":"https:\/\/www.christian-pansch.de\/blog\/wp-content\/uploads\/2017\/04\/facebook-ads-5-millionen-kunden.jpg"},{"@type":"BreadcrumbList","@id":"https:\/\/www.christian-pansch.de\/blog\/facebook-verzeichnet-5-millionen-werbekunden-2190\/#breadcrumb","itemListElement":[{"@type":"ListItem","position":1,"name":"Startseite","item":"https:\/\/www.christian-pansch.de\/blog\/"},{"@type":"ListItem","position":2,"name":"Facebook verzeichnet 5 Millionen Werbekunden"}]},{"@type":"WebSite","@id":"https:\/\/www.christian-pansch.de\/blog\/#website","url":"https:\/\/www.christian-pansch.de\/blog\/","name":"Social Media . Web Blog","description":"Das Blog von Christian Pansch \u00fcber Social Media, Webgeschehen, Mobile, Design, TYPO3 &amp; Co.","potentialAction":[{"@type":"SearchAction","target":{"@type":"EntryPoint","urlTemplate":"https:\/\/www.christian-pansch.de\/blog\/?s={search_term_string}"},"query-input":{"@type":"PropertyValueSpecification","valueRequired":true,"valueName":"search_term_string"}}],"inLanguage":"de"},{"@type":"Person","@id":"https:\/\/www.christian-pansch.de\/blog\/#\/schema\/person\/af4b04e973030b73eb5d7cbb4597d4eb","name":"Christian Pansch","sameAs":["http:\/\/www.christian-pansch.de"],"url":"https:\/\/www.christian-pansch.de\/blog\/author\/admin\/"}]}},"publishpress_future_action":{"enabled":false,"date":"2026-05-10 14:34:07","action":"change-status","newStatus":"draft","terms":[],"taxonomy":"category","extraData":[]},"publishpress_future_workflow_manual_trigger":{"enabledWorkflows":[]},"_links":{"self":[{"href":"https:\/\/www.christian-pansch.de\/blog\/wp-json\/wp\/v2\/posts\/2190","targetHints":{"allow":["GET"]}}],"collection":[{"href":"https:\/\/www.christian-pansch.de\/blog\/wp-json\/wp\/v2\/posts"}],"about":[{"href":"https:\/\/www.christian-pansch.de\/blog\/wp-json\/wp\/v2\/types\/post"}],"author":[{"embeddable":true,"href":"https:\/\/www.christian-pansch.de\/blog\/wp-json\/wp\/v2\/users\/1"}],"replies":[{"embeddable":true,"href":"https:\/\/www.christian-pansch.de\/blog\/wp-json\/wp\/v2\/comments?post=2190"}],"version-history":[{"count":8,"href":"https:\/\/www.christian-pansch.de\/blog\/wp-json\/wp\/v2\/posts\/2190\/revisions"}],"predecessor-version":[{"id":2210,"href":"https:\/\/www.christian-pansch.de\/blog\/wp-json\/wp\/v2\/posts\/2190\/revisions\/2210"}],"wp:attachment":[{"href":"https:\/\/www.christian-pansch.de\/blog\/wp-json\/wp\/v2\/media?parent=2190"}],"wp:term":[{"taxonomy":"category","embeddable":true,"href":"https:\/\/www.christian-pansch.de\/blog\/wp-json\/wp\/v2\/categories?post=2190"},{"taxonomy":"post_tag","embeddable":true,"href":"https:\/\/www.christian-pansch.de\/blog\/wp-json\/wp\/v2\/tags?post=2190"}],"curies":[{"name":"wp","href":"https:\/\/api.w.org\/{rel}","templated":true}]}}