{"id":2183,"date":"2017-03-29T20:11:46","date_gmt":"2017-03-29T18:11:46","guid":{"rendered":"http:\/\/www.christian-pansch.de\/blog\/?p=2183"},"modified":"2017-04-11T12:15:00","modified_gmt":"2017-04-11T10:15:00","slug":"neues-ipad-von-apple-verfuegbar","status":"publish","type":"post","link":"https:\/\/www.christian-pansch.de\/blog\/neues-ipad-von-apple-verfuegbar-2183\/","title":{"rendered":"Neues iPad von Apple verf\u00fcgbar"},"content":{"rendered":"<p>Apple wirft ein neues \u00fcberarbeitetes iPad auf den Markt: Die neue Version <a href=\"http:\/\/amzn.to\/2ouJ9Jz\" target=\"_blank\" rel=\"nofollow\">des beliebten Apple-Tablets<\/a> wird preisg\u00fcnstiger und erh\u00e4lt ein optimiertes Display im Format 9,7 Zoll.<\/p>\n<p><img decoding=\"async\" src=\"https:\/\/www.christian-pansch.de\/blog\/wp-content\/uploads\/2017\/04\/apple-ipad-neu-2017-1.jpg\" alt=\"Neues Apple iPad in 2017\" width=\"500\" class=\"alignnone size-full wp-image-2188\" \/><\/p>\n<p><!--more--><\/p>\n<p>Die neue Version des iPads wird auf Sicht das bisherige <a href=\"http:\/\/amzn.to\/2nYbSTg\" target=\"_blank\" rel=\"nofollow\">iPad Air 2<\/a> aus dem Sortiment abl\u00f6sen &#8211; und h\u00f6rt jetzt nur noch auf den simplen namen iPad. Das Displayformat ist mit 9,7 Zoll beibehalten worden und auch die Retina-Aufl\u00f6sung bleibt 2048 x 1536 Pixeln &#8211; daf\u00fcr wurde an der Helligkeit gearbeitet, so dass das die Inhalte auf dem iPad besser les- und erkennbar sein werden. Die Kameraausstattung ist identisch zum iPad 2 Air &#8211; 8 Megapixel f\u00fcr die Backkamera, 1,2 Megapixel f\u00fcr die Frontcam.<\/p>\n<p>Erneuert dagegen ist der flottere A9-Prozessor, der auch <a href=\"http:\/\/amzn.to\/2nYlmhc\" target=\"_blank\" rel=\"nofollow\">im iPhone 7 eingebaut ist<\/a> und zu den schnellsten CPUs derzeit geh\u00f6rt. Dankenswerterweise hat Apple aber nicht auf den 3,5 mm Klinkenanschluss f\u00fcr Kopfh\u00f6rer &#038; Co. bei dem iPad im Gegensatz zu dem iPhone 7 verzichtet, so dass man <a href=\"http:\/\/amzn.to\/2nYAEmi\" target=\"_blank\" rel=\"nofollow\">seine gewohnten Kopfh\u00f6rer<\/a> auch weiterhin <a href=\"http:\/\/amzn.to\/2nA8oe8\" target=\"_blank\" rel=\"nofollow\">ohne Adapter<\/a> oder andere Umwege verwenden kann. Im Gegensatz zum kompakten und flachen Smartphone bietet nat\u00fcrlich ein Tablet einfach mehr Stauraum so einen Anschluss im Geh\u00e4use zu integrieren. <\/p>\n<p>Seit etwa Ende M\u00e4rz (24.03.2017) kann das neue iPad bereits erworben werden. Die Farbpalette reicht von silber, gold bis zu grau und die Preisgestaltung beginnt im Gegensatz zu der Vorversion deutlich weiter unten: Bereits ab 399 Euro kann die WiFi Version mit WLAN und 32 GB Speicher erworben werden, 128 GB kosten dann 499 Euro. Wer mobil surfen m\u00f6chte und auf LTE nicht verzichten kann muss bei 32 GB dann 559 Euro hinlegen oder bei 128 GB Speicher mit 659 Euro kalkulieren.<\/p>\n<p>Zeitgleich wird das <a href=\"http:\/\/amzn.to\/2nYC6VG\" target=\"_blank\" rel=\"nofollow\">iPad Mini 4 Angebot<\/a> etwas \u00fcbersichtlicher und die Produktpalette ausged\u00fcnnt. Apple bietet nun nur noch die 128 GB Variante offiziell an &#8211; mit WLAN dann f\u00fcr 479 Euro der mit dem zus\u00e4tzlichen LTE Chip f\u00fcr 629 Euro.<\/p>\n<p>Grunds\u00e4tzlich sind die iPads von Apple immer eine gute Investition, jedoch muss Apple arg mit der deutlich preisg\u00fcnstigeren Android-Konkurrenz k\u00e4mpfen und verliert stetig Marktanteile an die Google-Konkurrenz. Ob sich der Trend mit diesen neuen Ausf\u00fchrungen aufhalten l\u00e4sst, wird der Markt zeigen.<\/p>\n","protected":false},"excerpt":{"rendered":"<p>Apple wirft ein neues \u00fcberarbeitetes iPad auf den Markt: Die neue Version des beliebten Apple-Tablets wird preisg\u00fcnstiger und erh\u00e4lt ein optimiertes Display im Format 9,7 Zoll.<\/p>\n","protected":false},"author":1,"featured_media":0,"comment_status":"open","ping_status":"open","sticky":false,"template":"","format":"standard","meta":{"footnotes":""},"categories":[132],"tags":[816,95,357,359,815,443,730],"class_list":["post-2183","post","type-post","status-publish","format-standard","hentry","category-apple-ipod-iphone","tag-a9-cpu","tag-apple","tag-ios","tag-ipad","tag-ipad-air-2","tag-retina","tag-tablet"],"yoast_head":"<!-- This site is optimized with the Yoast SEO plugin v27.5 - https:\/\/yoast.com\/product\/yoast-seo-wordpress\/ -->\n<title>Neues iPad von Apple verf\u00fcgbar - Social Media . Web Blog<\/title>\n<meta name=\"robots\" content=\"index, follow, max-snippet:-1, max-image-preview:large, max-video-preview:-1\" \/>\n<link rel=\"canonical\" href=\"https:\/\/www.christian-pansch.de\/blog\/neues-ipad-von-apple-verfuegbar-2183\/\" \/>\n<meta property=\"og:locale\" content=\"de_DE\" \/>\n<meta property=\"og:type\" content=\"article\" \/>\n<meta property=\"og:title\" content=\"Neues iPad von Apple verf\u00fcgbar - Social Media . Web Blog\" \/>\n<meta property=\"og:description\" content=\"Apple wirft ein neues \u00fcberarbeitetes iPad auf den Markt: Die neue Version des beliebten Apple-Tablets wird preisg\u00fcnstiger und erh\u00e4lt ein optimiertes Display im Format 9,7 Zoll.\" \/>\n<meta property=\"og:url\" content=\"https:\/\/www.christian-pansch.de\/blog\/neues-ipad-von-apple-verfuegbar-2183\/\" \/>\n<meta property=\"og:site_name\" content=\"Social Media . Web Blog\" \/>\n<meta property=\"article:published_time\" content=\"2017-03-29T18:11:46+00:00\" \/>\n<meta property=\"article:modified_time\" content=\"2017-04-11T10:15:00+00:00\" \/>\n<meta property=\"og:image\" content=\"https:\/\/www.christian-pansch.de\/blog\/wp-content\/uploads\/2017\/04\/apple-ipad-neu-2017-1.jpg\" \/>\n<meta name=\"author\" content=\"Christian Pansch\" \/>\n<meta name=\"twitter:card\" content=\"summary_large_image\" \/>\n<meta name=\"twitter:label1\" content=\"Verfasst von\" \/>\n\t<meta name=\"twitter:data1\" content=\"Christian Pansch\" \/>\n\t<meta name=\"twitter:label2\" content=\"Gesch\u00e4tzte Lesezeit\" \/>\n\t<meta name=\"twitter:data2\" content=\"2\u00a0Minuten\" \/>\n<script type=\"application\/ld+json\" class=\"yoast-schema-graph\">{\"@context\":\"https:\\\/\\\/schema.org\",\"@graph\":[{\"@type\":\"Article\",\"@id\":\"https:\\\/\\\/www.christian-pansch.de\\\/blog\\\/neues-ipad-von-apple-verfuegbar-2183\\\/#article\",\"isPartOf\":{\"@id\":\"https:\\\/\\\/www.christian-pansch.de\\\/blog\\\/neues-ipad-von-apple-verfuegbar-2183\\\/\"},\"author\":{\"name\":\"Christian Pansch\",\"@id\":\"https:\\\/\\\/www.christian-pansch.de\\\/blog\\\/#\\\/schema\\\/person\\\/af4b04e973030b73eb5d7cbb4597d4eb\"},\"headline\":\"Neues iPad von Apple verf\u00fcgbar\",\"datePublished\":\"2017-03-29T18:11:46+00:00\",\"dateModified\":\"2017-04-11T10:15:00+00:00\",\"mainEntityOfPage\":{\"@id\":\"https:\\\/\\\/www.christian-pansch.de\\\/blog\\\/neues-ipad-von-apple-verfuegbar-2183\\\/\"},\"wordCount\":361,\"commentCount\":0,\"image\":{\"@id\":\"https:\\\/\\\/www.christian-pansch.de\\\/blog\\\/neues-ipad-von-apple-verfuegbar-2183\\\/#primaryimage\"},\"thumbnailUrl\":\"https:\\\/\\\/www.christian-pansch.de\\\/blog\\\/wp-content\\\/uploads\\\/2017\\\/04\\\/apple-ipad-neu-2017-1.jpg\",\"keywords\":[\"a9 cpu\",\"apple\",\"ios\",\"ipad\",\"ipad air 2\",\"retina\",\"tablet\"],\"articleSection\":[\"Apple, iPhone, iPad &amp; Co.\"],\"inLanguage\":\"de\",\"potentialAction\":[{\"@type\":\"CommentAction\",\"name\":\"Comment\",\"target\":[\"https:\\\/\\\/www.christian-pansch.de\\\/blog\\\/neues-ipad-von-apple-verfuegbar-2183\\\/#respond\"]}]},{\"@type\":\"WebPage\",\"@id\":\"https:\\\/\\\/www.christian-pansch.de\\\/blog\\\/neues-ipad-von-apple-verfuegbar-2183\\\/\",\"url\":\"https:\\\/\\\/www.christian-pansch.de\\\/blog\\\/neues-ipad-von-apple-verfuegbar-2183\\\/\",\"name\":\"Neues iPad von Apple verf\u00fcgbar - Social Media . Web Blog\",\"isPartOf\":{\"@id\":\"https:\\\/\\\/www.christian-pansch.de\\\/blog\\\/#website\"},\"primaryImageOfPage\":{\"@id\":\"https:\\\/\\\/www.christian-pansch.de\\\/blog\\\/neues-ipad-von-apple-verfuegbar-2183\\\/#primaryimage\"},\"image\":{\"@id\":\"https:\\\/\\\/www.christian-pansch.de\\\/blog\\\/neues-ipad-von-apple-verfuegbar-2183\\\/#primaryimage\"},\"thumbnailUrl\":\"https:\\\/\\\/www.christian-pansch.de\\\/blog\\\/wp-content\\\/uploads\\\/2017\\\/04\\\/apple-ipad-neu-2017-1.jpg\",\"datePublished\":\"2017-03-29T18:11:46+00:00\",\"dateModified\":\"2017-04-11T10:15:00+00:00\",\"author\":{\"@id\":\"https:\\\/\\\/www.christian-pansch.de\\\/blog\\\/#\\\/schema\\\/person\\\/af4b04e973030b73eb5d7cbb4597d4eb\"},\"breadcrumb\":{\"@id\":\"https:\\\/\\\/www.christian-pansch.de\\\/blog\\\/neues-ipad-von-apple-verfuegbar-2183\\\/#breadcrumb\"},\"inLanguage\":\"de\",\"potentialAction\":[{\"@type\":\"ReadAction\",\"target\":[\"https:\\\/\\\/www.christian-pansch.de\\\/blog\\\/neues-ipad-von-apple-verfuegbar-2183\\\/\"]}]},{\"@type\":\"ImageObject\",\"inLanguage\":\"de\",\"@id\":\"https:\\\/\\\/www.christian-pansch.de\\\/blog\\\/neues-ipad-von-apple-verfuegbar-2183\\\/#primaryimage\",\"url\":\"https:\\\/\\\/www.christian-pansch.de\\\/blog\\\/wp-content\\\/uploads\\\/2017\\\/04\\\/apple-ipad-neu-2017-1.jpg\",\"contentUrl\":\"https:\\\/\\\/www.christian-pansch.de\\\/blog\\\/wp-content\\\/uploads\\\/2017\\\/04\\\/apple-ipad-neu-2017-1.jpg\"},{\"@type\":\"BreadcrumbList\",\"@id\":\"https:\\\/\\\/www.christian-pansch.de\\\/blog\\\/neues-ipad-von-apple-verfuegbar-2183\\\/#breadcrumb\",\"itemListElement\":[{\"@type\":\"ListItem\",\"position\":1,\"name\":\"Startseite\",\"item\":\"https:\\\/\\\/www.christian-pansch.de\\\/blog\\\/\"},{\"@type\":\"ListItem\",\"position\":2,\"name\":\"Neues iPad von Apple verf\u00fcgbar\"}]},{\"@type\":\"WebSite\",\"@id\":\"https:\\\/\\\/www.christian-pansch.de\\\/blog\\\/#website\",\"url\":\"https:\\\/\\\/www.christian-pansch.de\\\/blog\\\/\",\"name\":\"Social Media . Web Blog\",\"description\":\"Das Blog von Christian Pansch \u00fcber Social Media, Webgeschehen, Mobile, Design, TYPO3 &amp; Co.\",\"potentialAction\":[{\"@type\":\"SearchAction\",\"target\":{\"@type\":\"EntryPoint\",\"urlTemplate\":\"https:\\\/\\\/www.christian-pansch.de\\\/blog\\\/?s={search_term_string}\"},\"query-input\":{\"@type\":\"PropertyValueSpecification\",\"valueRequired\":true,\"valueName\":\"search_term_string\"}}],\"inLanguage\":\"de\"},{\"@type\":\"Person\",\"@id\":\"https:\\\/\\\/www.christian-pansch.de\\\/blog\\\/#\\\/schema\\\/person\\\/af4b04e973030b73eb5d7cbb4597d4eb\",\"name\":\"Christian Pansch\",\"sameAs\":[\"http:\\\/\\\/www.christian-pansch.de\"],\"url\":\"https:\\\/\\\/www.christian-pansch.de\\\/blog\\\/author\\\/admin\\\/\"}]}<\/script>\n<!-- \/ Yoast SEO plugin. -->","yoast_head_json":{"title":"Neues iPad von Apple verf\u00fcgbar - Social Media . Web Blog","robots":{"index":"index","follow":"follow","max-snippet":"max-snippet:-1","max-image-preview":"max-image-preview:large","max-video-preview":"max-video-preview:-1"},"canonical":"https:\/\/www.christian-pansch.de\/blog\/neues-ipad-von-apple-verfuegbar-2183\/","og_locale":"de_DE","og_type":"article","og_title":"Neues iPad von Apple verf\u00fcgbar - Social Media . Web Blog","og_description":"Apple wirft ein neues \u00fcberarbeitetes iPad auf den Markt: Die neue Version des beliebten Apple-Tablets wird preisg\u00fcnstiger und erh\u00e4lt ein optimiertes Display im Format 9,7 Zoll.","og_url":"https:\/\/www.christian-pansch.de\/blog\/neues-ipad-von-apple-verfuegbar-2183\/","og_site_name":"Social Media . Web Blog","article_published_time":"2017-03-29T18:11:46+00:00","article_modified_time":"2017-04-11T10:15:00+00:00","og_image":[{"url":"https:\/\/www.christian-pansch.de\/blog\/wp-content\/uploads\/2017\/04\/apple-ipad-neu-2017-1.jpg","type":"","width":"","height":""}],"author":"Christian Pansch","twitter_card":"summary_large_image","twitter_misc":{"Verfasst von":"Christian Pansch","Gesch\u00e4tzte Lesezeit":"2\u00a0Minuten"},"schema":{"@context":"https:\/\/schema.org","@graph":[{"@type":"Article","@id":"https:\/\/www.christian-pansch.de\/blog\/neues-ipad-von-apple-verfuegbar-2183\/#article","isPartOf":{"@id":"https:\/\/www.christian-pansch.de\/blog\/neues-ipad-von-apple-verfuegbar-2183\/"},"author":{"name":"Christian Pansch","@id":"https:\/\/www.christian-pansch.de\/blog\/#\/schema\/person\/af4b04e973030b73eb5d7cbb4597d4eb"},"headline":"Neues iPad von Apple verf\u00fcgbar","datePublished":"2017-03-29T18:11:46+00:00","dateModified":"2017-04-11T10:15:00+00:00","mainEntityOfPage":{"@id":"https:\/\/www.christian-pansch.de\/blog\/neues-ipad-von-apple-verfuegbar-2183\/"},"wordCount":361,"commentCount":0,"image":{"@id":"https:\/\/www.christian-pansch.de\/blog\/neues-ipad-von-apple-verfuegbar-2183\/#primaryimage"},"thumbnailUrl":"https:\/\/www.christian-pansch.de\/blog\/wp-content\/uploads\/2017\/04\/apple-ipad-neu-2017-1.jpg","keywords":["a9 cpu","apple","ios","ipad","ipad air 2","retina","tablet"],"articleSection":["Apple, iPhone, iPad &amp; Co."],"inLanguage":"de","potentialAction":[{"@type":"CommentAction","name":"Comment","target":["https:\/\/www.christian-pansch.de\/blog\/neues-ipad-von-apple-verfuegbar-2183\/#respond"]}]},{"@type":"WebPage","@id":"https:\/\/www.christian-pansch.de\/blog\/neues-ipad-von-apple-verfuegbar-2183\/","url":"https:\/\/www.christian-pansch.de\/blog\/neues-ipad-von-apple-verfuegbar-2183\/","name":"Neues iPad von Apple verf\u00fcgbar - Social Media . Web Blog","isPartOf":{"@id":"https:\/\/www.christian-pansch.de\/blog\/#website"},"primaryImageOfPage":{"@id":"https:\/\/www.christian-pansch.de\/blog\/neues-ipad-von-apple-verfuegbar-2183\/#primaryimage"},"image":{"@id":"https:\/\/www.christian-pansch.de\/blog\/neues-ipad-von-apple-verfuegbar-2183\/#primaryimage"},"thumbnailUrl":"https:\/\/www.christian-pansch.de\/blog\/wp-content\/uploads\/2017\/04\/apple-ipad-neu-2017-1.jpg","datePublished":"2017-03-29T18:11:46+00:00","dateModified":"2017-04-11T10:15:00+00:00","author":{"@id":"https:\/\/www.christian-pansch.de\/blog\/#\/schema\/person\/af4b04e973030b73eb5d7cbb4597d4eb"},"breadcrumb":{"@id":"https:\/\/www.christian-pansch.de\/blog\/neues-ipad-von-apple-verfuegbar-2183\/#breadcrumb"},"inLanguage":"de","potentialAction":[{"@type":"ReadAction","target":["https:\/\/www.christian-pansch.de\/blog\/neues-ipad-von-apple-verfuegbar-2183\/"]}]},{"@type":"ImageObject","inLanguage":"de","@id":"https:\/\/www.christian-pansch.de\/blog\/neues-ipad-von-apple-verfuegbar-2183\/#primaryimage","url":"https:\/\/www.christian-pansch.de\/blog\/wp-content\/uploads\/2017\/04\/apple-ipad-neu-2017-1.jpg","contentUrl":"https:\/\/www.christian-pansch.de\/blog\/wp-content\/uploads\/2017\/04\/apple-ipad-neu-2017-1.jpg"},{"@type":"BreadcrumbList","@id":"https:\/\/www.christian-pansch.de\/blog\/neues-ipad-von-apple-verfuegbar-2183\/#breadcrumb","itemListElement":[{"@type":"ListItem","position":1,"name":"Startseite","item":"https:\/\/www.christian-pansch.de\/blog\/"},{"@type":"ListItem","position":2,"name":"Neues iPad von Apple verf\u00fcgbar"}]},{"@type":"WebSite","@id":"https:\/\/www.christian-pansch.de\/blog\/#website","url":"https:\/\/www.christian-pansch.de\/blog\/","name":"Social Media . Web Blog","description":"Das Blog von Christian Pansch \u00fcber Social Media, Webgeschehen, Mobile, Design, TYPO3 &amp; Co.","potentialAction":[{"@type":"SearchAction","target":{"@type":"EntryPoint","urlTemplate":"https:\/\/www.christian-pansch.de\/blog\/?s={search_term_string}"},"query-input":{"@type":"PropertyValueSpecification","valueRequired":true,"valueName":"search_term_string"}}],"inLanguage":"de"},{"@type":"Person","@id":"https:\/\/www.christian-pansch.de\/blog\/#\/schema\/person\/af4b04e973030b73eb5d7cbb4597d4eb","name":"Christian Pansch","sameAs":["http:\/\/www.christian-pansch.de"],"url":"https:\/\/www.christian-pansch.de\/blog\/author\/admin\/"}]}},"publishpress_future_action":{"enabled":false,"date":"2026-05-10 13:34:49","action":"change-status","newStatus":"draft","terms":[],"taxonomy":"category","extraData":[]},"publishpress_future_workflow_manual_trigger":{"enabledWorkflows":[]},"_links":{"self":[{"href":"https:\/\/www.christian-pansch.de\/blog\/wp-json\/wp\/v2\/posts\/2183","targetHints":{"allow":["GET"]}}],"collection":[{"href":"https:\/\/www.christian-pansch.de\/blog\/wp-json\/wp\/v2\/posts"}],"about":[{"href":"https:\/\/www.christian-pansch.de\/blog\/wp-json\/wp\/v2\/types\/post"}],"author":[{"embeddable":true,"href":"https:\/\/www.christian-pansch.de\/blog\/wp-json\/wp\/v2\/users\/1"}],"replies":[{"embeddable":true,"href":"https:\/\/www.christian-pansch.de\/blog\/wp-json\/wp\/v2\/comments?post=2183"}],"version-history":[{"count":13,"href":"https:\/\/www.christian-pansch.de\/blog\/wp-json\/wp\/v2\/posts\/2183\/revisions"}],"predecessor-version":[{"id":2200,"href":"https:\/\/www.christian-pansch.de\/blog\/wp-json\/wp\/v2\/posts\/2183\/revisions\/2200"}],"wp:attachment":[{"href":"https:\/\/www.christian-pansch.de\/blog\/wp-json\/wp\/v2\/media?parent=2183"}],"wp:term":[{"taxonomy":"category","embeddable":true,"href":"https:\/\/www.christian-pansch.de\/blog\/wp-json\/wp\/v2\/categories?post=2183"},{"taxonomy":"post_tag","embeddable":true,"href":"https:\/\/www.christian-pansch.de\/blog\/wp-json\/wp\/v2\/tags?post=2183"}],"curies":[{"name":"wp","href":"https:\/\/api.w.org\/{rel}","templated":true}]}}