{"id":2008,"date":"2016-08-30T19:35:01","date_gmt":"2016-08-30T17:35:01","guid":{"rendered":"http:\/\/www.christian-pansch.de\/blog\/?p=2008"},"modified":"2016-08-31T12:23:02","modified_gmt":"2016-08-31T10:23:02","slug":"instagram-stories-kurzgeschichten-bei-instagram","status":"publish","type":"post","link":"https:\/\/www.christian-pansch.de\/blog\/instagram-stories-kurzgeschichten-bei-instagram-2008\/","title":{"rendered":"&#8222;Instagram Stories&#8220; &#8211; Kurzgeschichten bei Instagram"},"content":{"rendered":"<p>Seit gut vier Wochen k\u00f6nnen bei Instagram neben Fotos und Videos nun auch die sogenannten &#8222;Stories&#8220; ver\u00f6ffentlicht werden. Mit dieser Funktion sollen via Instagram Momentaufnahmen des Tages festgehalten und mit den anderen Instagram-Usern geteilt werden. Im Gegensatz zu den herk\u00f6mmlichen Fotos und Videos, die man in seinem Instagram-Profil ablegt und speichert, sind die Elemente der Story jedoch fl\u00fcchtig. Nach 24 Stunden sind die zusammengefassten Eindr\u00fccke (Foto oder Video) wieder verschwunden und nicht mehr abrufbar. <\/p>\n<p><img loading=\"lazy\" decoding=\"async\" src=\"https:\/\/www.christian-pansch.de\/blog\/wp-content\/uploads\/2016\/08\/instagram-stories.jpg\" alt=\"Instagram Stories\" width=\"510\" height=\"510\" class=\"alignnone size-full wp-image-2011\" \/><\/p>\n<p><!--more--><\/p>\n<p>Zu finden sind die Stories \u00fcber dem eigentlichen Stream in der Mobile App von Instagram. Der Bereich kann horizontal gescrollt werden, so dass man alle Stories seiner Kontakte einsehen kann. Die namentliche \u00c4hnlichkeit zu der &#8222;Story-Funktion&#8220; von Snapchat kommt nicht von ungef\u00e4hr. Im Grunde sind fast alle M\u00f6glichkeiten, die Snapchat bietet, hier bei Instagram gespiegelt. Es gibt wie bei der <a href=\"https:\/\/www.christian-pansch.de\/blog\/snapchat-in-deutschland-auf-dem-vormarsch-1965\/\">beliebten Mobile-App mit dem Geist-Symbol<\/a> einen Editor, um auf die Fotos und Videos Texte, Verzierungen oder Emojis unterzubringen. Spezielle Selfie-Filter wie bei Snapschat gibt es jedoch nicht &#8211; auch finden die altbekannten Bildbearbeitungs- und Bildfilter, die Instagram vor Jahren bekannt und beliebt gemacht haben, in diesem Bereich keine Anwendung. Die Fotos gehen direkt unbearbeitet und unver\u00e4ndert in die Story. Das stellt f\u00fcr die sonst mit Filtern und Ver\u00e4nderung extra h\u00fcbsch zurecht gemachte Instagram-Welt durchaus ein Novum dar.<\/p>\n<p><img loading=\"lazy\" decoding=\"async\" src=\"https:\/\/www.christian-pansch.de\/blog\/wp-content\/uploads\/2016\/08\/instagram-stories-auf-smartphone.jpg\" alt=\"Instagram Stories auf dem Smartphone\" width=\"510\" height=\"510\" class=\"alignnone size-large wp-image-2012\" \/><\/p>\n<p>In diesem offiziellen Video wird das neue Feature von Instagram nochmal ausf\u00fchrlicher erkl\u00e4rt und die M\u00f6glichkeiten in Bewegtbild dargestellt.<\/p>\n<blockquote class=\"instagram-media\" data-instgrm-version=\"7\" style=\" background:#FFF; border:0; border-radius:3px; box-shadow:0 0 1px 0 rgba(0,0,0,0.5),0 1px 10px 0 rgba(0,0,0,0.15); margin: 1px; max-width:658px; padding:0; width:99.375%; width:-webkit-calc(100% - 2px); width:calc(100% - 2px);\">\n<div style=\"padding:8px;\">\n<div style=\" background:#F8F8F8; line-height:0; margin-top:40px; padding:62.3366013072% 0; text-align:center; width:100%;\">\n<div style=\" background:url(data:image\/png;base64,iVBORw0KGgoAAAANSUhEUgAAACwAAAAsCAMAAAApWqozAAAABGdBTUEAALGPC\/xhBQAAAAFzUkdCAK7OHOkAAAAMUExURczMzPf399fX1+bm5mzY9AMAAADiSURBVDjLvZXbEsMgCES5\/P8\/t9FuRVCRmU73JWlzosgSIIZURCjo\/ad+EQJJB4Hv8BFt+IDpQoCx1wjOSBFhh2XssxEIYn3ulI\/6MNReE07UIWJEv8UEOWDS88LY97kqyTliJKKtuYBbruAyVh5wOHiXmpi5we58Ek028czwyuQdLKPG1Bkb4NnM+VeAnfHqn1k4+GPT6uGQcvu2h2OVuIf\/gWUFyy8OWEpdyZSa3aVCqpVoVvzZZ2VTnn2wU8qzVjDDetO90GSy9mVLqtgYSy231MxrY6I2gGqjrTY0L8fxCxfCBbhWrsYYAAAAAElFTkSuQmCC); display:block; height:44px; margin:0 auto -44px; position:relative; top:-22px; width:44px;\"><\/div>\n<\/div>\n<p style=\" color:#c9c8cd; font-family:Arial,sans-serif; font-size:14px; line-height:17px; margin-bottom:0; margin-top:8px; overflow:hidden; padding:8px 0 7px; text-align:center; text-overflow:ellipsis; white-space:nowrap;\"><a href=\"https:\/\/www.instagram.com\/p\/BInBbd9BMGb\/\" style=\" color:#c9c8cd; font-family:Arial,sans-serif; font-size:14px; font-style:normal; font-weight:normal; line-height:17px; text-decoration:none;\" target=\"_blank\">Ein von Instagram auf Deutsch (@instagramde) gepostetes Video<\/a> am <time style=\" font-family:Arial,sans-serif; font-size:14px; line-height:17px;\" datetime=\"2016-08-02T14:30:16+00:00\">2. Aug 2016 um 7:30 Uhr<\/time><\/p>\n<\/div>\n<\/blockquote>\n<p> <script async defer src=\"\/\/platform.instagram.com\/en_US\/embeds.js\"><\/script><\/p>\n<p>Bislang scheint die Funktion von einem Teil der Instagram-Nutzer auch bereits angenommen zu werden. Zahlen \u00fcber den Einsatz und die Verbreitung sind allerdings noch keine bekannt. Wie dieser Bereich zuk\u00fcnftig seitens Instagram ggf. vermarktet und monetarisiert wird, ist ebenfalls noch unklar. Bislang genie\u00dfen Werbeanzeigen bei Instagram keine hohe Akzeptanz der User &#8211; auch wenn Instagram mehrfach versprach nur relevante und hochwerte Werbebotschaften im Stream platzieren zu lassen, um die User Experience nicht negativ zu beeinflussen.<\/p>\n","protected":false},"excerpt":{"rendered":"<p>Seit gut vier Wochen k\u00f6nnen bei Instagram neben Fotos und Videos nun auch die sogenannten &#8222;Stories&#8220; ver\u00f6ffentlicht werden. Mit dieser Funktion sollen via Instagram Momentaufnahmen des Tages festgehalten und mit den anderen Instagram-Usern geteilt werden. Im Gegensatz zu den herk\u00f6mmlichen Fotos und Videos, die man in seinem Instagram-Profil ablegt und speichert, sind die Elemente der [&hellip;]<\/p>\n","protected":false},"author":1,"featured_media":0,"comment_status":"open","ping_status":"open","sticky":false,"template":"","format":"standard","meta":{"footnotes":""},"categories":[177],"tags":[200,256,766,776],"class_list":["post-2008","post","type-post","status-publish","format-standard","hentry","category-social-media","tag-facebook","tag-instagram","tag-snapchat","tag-stories"],"yoast_head":"<!-- This site is optimized with the Yoast SEO plugin v27.5 - https:\/\/yoast.com\/product\/yoast-seo-wordpress\/ -->\n<title>&quot;Instagram Stories&quot; - Kurzgeschichten bei Instagram - Social Media . Web Blog<\/title>\n<meta name=\"robots\" content=\"index, follow, max-snippet:-1, max-image-preview:large, max-video-preview:-1\" \/>\n<link rel=\"canonical\" href=\"https:\/\/www.christian-pansch.de\/blog\/instagram-stories-kurzgeschichten-bei-instagram-2008\/\" \/>\n<meta property=\"og:locale\" content=\"de_DE\" \/>\n<meta property=\"og:type\" content=\"article\" \/>\n<meta property=\"og:title\" content=\"&quot;Instagram Stories&quot; - Kurzgeschichten bei Instagram - Social Media . Web Blog\" \/>\n<meta property=\"og:description\" content=\"Seit gut vier Wochen k\u00f6nnen bei Instagram neben Fotos und Videos nun auch die sogenannten &#8222;Stories&#8220; ver\u00f6ffentlicht werden. Mit dieser Funktion sollen via Instagram Momentaufnahmen des Tages festgehalten und mit den anderen Instagram-Usern geteilt werden. Im Gegensatz zu den herk\u00f6mmlichen Fotos und Videos, die man in seinem Instagram-Profil ablegt und speichert, sind die Elemente der [&hellip;]\" \/>\n<meta property=\"og:url\" content=\"https:\/\/www.christian-pansch.de\/blog\/instagram-stories-kurzgeschichten-bei-instagram-2008\/\" \/>\n<meta property=\"og:site_name\" content=\"Social Media . Web Blog\" \/>\n<meta property=\"article:published_time\" content=\"2016-08-30T17:35:01+00:00\" \/>\n<meta property=\"article:modified_time\" content=\"2016-08-31T10:23:02+00:00\" \/>\n<meta property=\"og:image\" content=\"https:\/\/www.christian-pansch.de\/blog\/wp-content\/uploads\/2016\/08\/instagram-stories.jpg\" \/>\n<meta name=\"author\" content=\"Christian Pansch\" \/>\n<meta name=\"twitter:card\" content=\"summary_large_image\" \/>\n<meta name=\"twitter:label1\" content=\"Verfasst von\" \/>\n\t<meta name=\"twitter:data1\" content=\"Christian Pansch\" \/>\n\t<meta name=\"twitter:label2\" content=\"Gesch\u00e4tzte Lesezeit\" \/>\n\t<meta name=\"twitter:data2\" content=\"2\u00a0Minuten\" \/>\n<script type=\"application\/ld+json\" class=\"yoast-schema-graph\">{\"@context\":\"https:\\\/\\\/schema.org\",\"@graph\":[{\"@type\":\"Article\",\"@id\":\"https:\\\/\\\/www.christian-pansch.de\\\/blog\\\/instagram-stories-kurzgeschichten-bei-instagram-2008\\\/#article\",\"isPartOf\":{\"@id\":\"https:\\\/\\\/www.christian-pansch.de\\\/blog\\\/instagram-stories-kurzgeschichten-bei-instagram-2008\\\/\"},\"author\":{\"name\":\"Christian Pansch\",\"@id\":\"https:\\\/\\\/www.christian-pansch.de\\\/blog\\\/#\\\/schema\\\/person\\\/af4b04e973030b73eb5d7cbb4597d4eb\"},\"headline\":\"&#8222;Instagram Stories&#8220; &#8211; Kurzgeschichten bei Instagram\",\"datePublished\":\"2016-08-30T17:35:01+00:00\",\"dateModified\":\"2016-08-31T10:23:02+00:00\",\"mainEntityOfPage\":{\"@id\":\"https:\\\/\\\/www.christian-pansch.de\\\/blog\\\/instagram-stories-kurzgeschichten-bei-instagram-2008\\\/\"},\"wordCount\":338,\"commentCount\":1,\"image\":{\"@id\":\"https:\\\/\\\/www.christian-pansch.de\\\/blog\\\/instagram-stories-kurzgeschichten-bei-instagram-2008\\\/#primaryimage\"},\"thumbnailUrl\":\"https:\\\/\\\/www.christian-pansch.de\\\/blog\\\/wp-content\\\/uploads\\\/2016\\\/08\\\/instagram-stories.jpg\",\"keywords\":[\"facebook\",\"instagram\",\"snapchat\",\"stories\"],\"articleSection\":[\"Social Media\"],\"inLanguage\":\"de\",\"potentialAction\":[{\"@type\":\"CommentAction\",\"name\":\"Comment\",\"target\":[\"https:\\\/\\\/www.christian-pansch.de\\\/blog\\\/instagram-stories-kurzgeschichten-bei-instagram-2008\\\/#respond\"]}]},{\"@type\":\"WebPage\",\"@id\":\"https:\\\/\\\/www.christian-pansch.de\\\/blog\\\/instagram-stories-kurzgeschichten-bei-instagram-2008\\\/\",\"url\":\"https:\\\/\\\/www.christian-pansch.de\\\/blog\\\/instagram-stories-kurzgeschichten-bei-instagram-2008\\\/\",\"name\":\"\\\"Instagram Stories\\\" - Kurzgeschichten bei Instagram - Social Media . Web Blog\",\"isPartOf\":{\"@id\":\"https:\\\/\\\/www.christian-pansch.de\\\/blog\\\/#website\"},\"primaryImageOfPage\":{\"@id\":\"https:\\\/\\\/www.christian-pansch.de\\\/blog\\\/instagram-stories-kurzgeschichten-bei-instagram-2008\\\/#primaryimage\"},\"image\":{\"@id\":\"https:\\\/\\\/www.christian-pansch.de\\\/blog\\\/instagram-stories-kurzgeschichten-bei-instagram-2008\\\/#primaryimage\"},\"thumbnailUrl\":\"https:\\\/\\\/www.christian-pansch.de\\\/blog\\\/wp-content\\\/uploads\\\/2016\\\/08\\\/instagram-stories.jpg\",\"datePublished\":\"2016-08-30T17:35:01+00:00\",\"dateModified\":\"2016-08-31T10:23:02+00:00\",\"author\":{\"@id\":\"https:\\\/\\\/www.christian-pansch.de\\\/blog\\\/#\\\/schema\\\/person\\\/af4b04e973030b73eb5d7cbb4597d4eb\"},\"breadcrumb\":{\"@id\":\"https:\\\/\\\/www.christian-pansch.de\\\/blog\\\/instagram-stories-kurzgeschichten-bei-instagram-2008\\\/#breadcrumb\"},\"inLanguage\":\"de\",\"potentialAction\":[{\"@type\":\"ReadAction\",\"target\":[\"https:\\\/\\\/www.christian-pansch.de\\\/blog\\\/instagram-stories-kurzgeschichten-bei-instagram-2008\\\/\"]}]},{\"@type\":\"ImageObject\",\"inLanguage\":\"de\",\"@id\":\"https:\\\/\\\/www.christian-pansch.de\\\/blog\\\/instagram-stories-kurzgeschichten-bei-instagram-2008\\\/#primaryimage\",\"url\":\"https:\\\/\\\/www.christian-pansch.de\\\/blog\\\/wp-content\\\/uploads\\\/2016\\\/08\\\/instagram-stories.jpg\",\"contentUrl\":\"https:\\\/\\\/www.christian-pansch.de\\\/blog\\\/wp-content\\\/uploads\\\/2016\\\/08\\\/instagram-stories.jpg\"},{\"@type\":\"BreadcrumbList\",\"@id\":\"https:\\\/\\\/www.christian-pansch.de\\\/blog\\\/instagram-stories-kurzgeschichten-bei-instagram-2008\\\/#breadcrumb\",\"itemListElement\":[{\"@type\":\"ListItem\",\"position\":1,\"name\":\"Startseite\",\"item\":\"https:\\\/\\\/www.christian-pansch.de\\\/blog\\\/\"},{\"@type\":\"ListItem\",\"position\":2,\"name\":\"&#8222;Instagram Stories&#8220; &#8211; Kurzgeschichten bei Instagram\"}]},{\"@type\":\"WebSite\",\"@id\":\"https:\\\/\\\/www.christian-pansch.de\\\/blog\\\/#website\",\"url\":\"https:\\\/\\\/www.christian-pansch.de\\\/blog\\\/\",\"name\":\"Social Media . Web Blog\",\"description\":\"Das Blog von Christian Pansch \u00fcber Social Media, Webgeschehen, Mobile, Design, TYPO3 &amp; Co.\",\"potentialAction\":[{\"@type\":\"SearchAction\",\"target\":{\"@type\":\"EntryPoint\",\"urlTemplate\":\"https:\\\/\\\/www.christian-pansch.de\\\/blog\\\/?s={search_term_string}\"},\"query-input\":{\"@type\":\"PropertyValueSpecification\",\"valueRequired\":true,\"valueName\":\"search_term_string\"}}],\"inLanguage\":\"de\"},{\"@type\":\"Person\",\"@id\":\"https:\\\/\\\/www.christian-pansch.de\\\/blog\\\/#\\\/schema\\\/person\\\/af4b04e973030b73eb5d7cbb4597d4eb\",\"name\":\"Christian Pansch\",\"sameAs\":[\"http:\\\/\\\/www.christian-pansch.de\"],\"url\":\"https:\\\/\\\/www.christian-pansch.de\\\/blog\\\/author\\\/admin\\\/\"}]}<\/script>\n<!-- \/ Yoast SEO plugin. -->","yoast_head_json":{"title":"\"Instagram Stories\" - Kurzgeschichten bei Instagram - Social Media . Web Blog","robots":{"index":"index","follow":"follow","max-snippet":"max-snippet:-1","max-image-preview":"max-image-preview:large","max-video-preview":"max-video-preview:-1"},"canonical":"https:\/\/www.christian-pansch.de\/blog\/instagram-stories-kurzgeschichten-bei-instagram-2008\/","og_locale":"de_DE","og_type":"article","og_title":"\"Instagram Stories\" - Kurzgeschichten bei Instagram - Social Media . Web Blog","og_description":"Seit gut vier Wochen k\u00f6nnen bei Instagram neben Fotos und Videos nun auch die sogenannten &#8222;Stories&#8220; ver\u00f6ffentlicht werden. Mit dieser Funktion sollen via Instagram Momentaufnahmen des Tages festgehalten und mit den anderen Instagram-Usern geteilt werden. Im Gegensatz zu den herk\u00f6mmlichen Fotos und Videos, die man in seinem Instagram-Profil ablegt und speichert, sind die Elemente der [&hellip;]","og_url":"https:\/\/www.christian-pansch.de\/blog\/instagram-stories-kurzgeschichten-bei-instagram-2008\/","og_site_name":"Social Media . Web Blog","article_published_time":"2016-08-30T17:35:01+00:00","article_modified_time":"2016-08-31T10:23:02+00:00","og_image":[{"url":"https:\/\/www.christian-pansch.de\/blog\/wp-content\/uploads\/2016\/08\/instagram-stories.jpg","type":"","width":"","height":""}],"author":"Christian Pansch","twitter_card":"summary_large_image","twitter_misc":{"Verfasst von":"Christian Pansch","Gesch\u00e4tzte Lesezeit":"2\u00a0Minuten"},"schema":{"@context":"https:\/\/schema.org","@graph":[{"@type":"Article","@id":"https:\/\/www.christian-pansch.de\/blog\/instagram-stories-kurzgeschichten-bei-instagram-2008\/#article","isPartOf":{"@id":"https:\/\/www.christian-pansch.de\/blog\/instagram-stories-kurzgeschichten-bei-instagram-2008\/"},"author":{"name":"Christian Pansch","@id":"https:\/\/www.christian-pansch.de\/blog\/#\/schema\/person\/af4b04e973030b73eb5d7cbb4597d4eb"},"headline":"&#8222;Instagram Stories&#8220; &#8211; Kurzgeschichten bei Instagram","datePublished":"2016-08-30T17:35:01+00:00","dateModified":"2016-08-31T10:23:02+00:00","mainEntityOfPage":{"@id":"https:\/\/www.christian-pansch.de\/blog\/instagram-stories-kurzgeschichten-bei-instagram-2008\/"},"wordCount":338,"commentCount":1,"image":{"@id":"https:\/\/www.christian-pansch.de\/blog\/instagram-stories-kurzgeschichten-bei-instagram-2008\/#primaryimage"},"thumbnailUrl":"https:\/\/www.christian-pansch.de\/blog\/wp-content\/uploads\/2016\/08\/instagram-stories.jpg","keywords":["facebook","instagram","snapchat","stories"],"articleSection":["Social Media"],"inLanguage":"de","potentialAction":[{"@type":"CommentAction","name":"Comment","target":["https:\/\/www.christian-pansch.de\/blog\/instagram-stories-kurzgeschichten-bei-instagram-2008\/#respond"]}]},{"@type":"WebPage","@id":"https:\/\/www.christian-pansch.de\/blog\/instagram-stories-kurzgeschichten-bei-instagram-2008\/","url":"https:\/\/www.christian-pansch.de\/blog\/instagram-stories-kurzgeschichten-bei-instagram-2008\/","name":"\"Instagram Stories\" - Kurzgeschichten bei Instagram - Social Media . Web Blog","isPartOf":{"@id":"https:\/\/www.christian-pansch.de\/blog\/#website"},"primaryImageOfPage":{"@id":"https:\/\/www.christian-pansch.de\/blog\/instagram-stories-kurzgeschichten-bei-instagram-2008\/#primaryimage"},"image":{"@id":"https:\/\/www.christian-pansch.de\/blog\/instagram-stories-kurzgeschichten-bei-instagram-2008\/#primaryimage"},"thumbnailUrl":"https:\/\/www.christian-pansch.de\/blog\/wp-content\/uploads\/2016\/08\/instagram-stories.jpg","datePublished":"2016-08-30T17:35:01+00:00","dateModified":"2016-08-31T10:23:02+00:00","author":{"@id":"https:\/\/www.christian-pansch.de\/blog\/#\/schema\/person\/af4b04e973030b73eb5d7cbb4597d4eb"},"breadcrumb":{"@id":"https:\/\/www.christian-pansch.de\/blog\/instagram-stories-kurzgeschichten-bei-instagram-2008\/#breadcrumb"},"inLanguage":"de","potentialAction":[{"@type":"ReadAction","target":["https:\/\/www.christian-pansch.de\/blog\/instagram-stories-kurzgeschichten-bei-instagram-2008\/"]}]},{"@type":"ImageObject","inLanguage":"de","@id":"https:\/\/www.christian-pansch.de\/blog\/instagram-stories-kurzgeschichten-bei-instagram-2008\/#primaryimage","url":"https:\/\/www.christian-pansch.de\/blog\/wp-content\/uploads\/2016\/08\/instagram-stories.jpg","contentUrl":"https:\/\/www.christian-pansch.de\/blog\/wp-content\/uploads\/2016\/08\/instagram-stories.jpg"},{"@type":"BreadcrumbList","@id":"https:\/\/www.christian-pansch.de\/blog\/instagram-stories-kurzgeschichten-bei-instagram-2008\/#breadcrumb","itemListElement":[{"@type":"ListItem","position":1,"name":"Startseite","item":"https:\/\/www.christian-pansch.de\/blog\/"},{"@type":"ListItem","position":2,"name":"&#8222;Instagram Stories&#8220; &#8211; Kurzgeschichten bei Instagram"}]},{"@type":"WebSite","@id":"https:\/\/www.christian-pansch.de\/blog\/#website","url":"https:\/\/www.christian-pansch.de\/blog\/","name":"Social Media . Web Blog","description":"Das Blog von Christian Pansch \u00fcber Social Media, Webgeschehen, Mobile, Design, TYPO3 &amp; Co.","potentialAction":[{"@type":"SearchAction","target":{"@type":"EntryPoint","urlTemplate":"https:\/\/www.christian-pansch.de\/blog\/?s={search_term_string}"},"query-input":{"@type":"PropertyValueSpecification","valueRequired":true,"valueName":"search_term_string"}}],"inLanguage":"de"},{"@type":"Person","@id":"https:\/\/www.christian-pansch.de\/blog\/#\/schema\/person\/af4b04e973030b73eb5d7cbb4597d4eb","name":"Christian Pansch","sameAs":["http:\/\/www.christian-pansch.de"],"url":"https:\/\/www.christian-pansch.de\/blog\/author\/admin\/"}]}},"publishpress_future_action":{"enabled":false,"date":"2026-05-09 05:37:31","action":"change-status","newStatus":"draft","terms":[],"taxonomy":"category","extraData":[]},"publishpress_future_workflow_manual_trigger":{"enabledWorkflows":[]},"_links":{"self":[{"href":"https:\/\/www.christian-pansch.de\/blog\/wp-json\/wp\/v2\/posts\/2008","targetHints":{"allow":["GET"]}}],"collection":[{"href":"https:\/\/www.christian-pansch.de\/blog\/wp-json\/wp\/v2\/posts"}],"about":[{"href":"https:\/\/www.christian-pansch.de\/blog\/wp-json\/wp\/v2\/types\/post"}],"author":[{"embeddable":true,"href":"https:\/\/www.christian-pansch.de\/blog\/wp-json\/wp\/v2\/users\/1"}],"replies":[{"embeddable":true,"href":"https:\/\/www.christian-pansch.de\/blog\/wp-json\/wp\/v2\/comments?post=2008"}],"version-history":[{"count":9,"href":"https:\/\/www.christian-pansch.de\/blog\/wp-json\/wp\/v2\/posts\/2008\/revisions"}],"predecessor-version":[{"id":2022,"href":"https:\/\/www.christian-pansch.de\/blog\/wp-json\/wp\/v2\/posts\/2008\/revisions\/2022"}],"wp:attachment":[{"href":"https:\/\/www.christian-pansch.de\/blog\/wp-json\/wp\/v2\/media?parent=2008"}],"wp:term":[{"taxonomy":"category","embeddable":true,"href":"https:\/\/www.christian-pansch.de\/blog\/wp-json\/wp\/v2\/categories?post=2008"},{"taxonomy":"post_tag","embeddable":true,"href":"https:\/\/www.christian-pansch.de\/blog\/wp-json\/wp\/v2\/tags?post=2008"}],"curies":[{"name":"wp","href":"https:\/\/api.w.org\/{rel}","templated":true}]}}