{"id":1315,"date":"2014-04-17T19:53:53","date_gmt":"2014-04-17T17:53:53","guid":{"rendered":"http:\/\/www.christian-pansch.de\/blog\/?p=1315"},"modified":"2014-04-23T09:26:36","modified_gmt":"2014-04-23T07:26:36","slug":"ios-7-1-verbannt-kompatibles-zubehoer","status":"publish","type":"post","link":"https:\/\/www.christian-pansch.de\/blog\/ios-7-1-verbannt-kompatibles-zubehoer-1315\/","title":{"rendered":"iOS 7.1 verbannt kompatibles Zubeh\u00f6r"},"content":{"rendered":"<p><img loading=\"lazy\" decoding=\"async\" src=\"https:\/\/www.christian-pansch.de\/blog\/wp-content\/uploads\/2014\/04\/lightning-ios71.jpg\" alt=\"Lightning Kabel un iOS 7.1\" width=\"550\" height=\"330\" class=\"alignnone size-full wp-image-1336\" \/><\/p>\n<p>Seit ein paar Wochen steht <a href=\"https:\/\/www.christian-pansch.de\/blog\/ios-7-1-fuer-iphone-und-ipad-veroeffentlicht-1253\/\" title=\"iOS 7.1 f\u00fcr iPhone und iPad ver\u00f6ffentlicht\">iOS 7.1 zum Download f\u00fcr iPhones, iPad &#038; Co. zur Verf\u00fcgung<\/a>. Mit dem Update wurden Bugs gefixed und neue Features erg\u00e4nzt (alles rund um iOS in the car) &#8211; aber bei dem genaueren Blick auch neue Probleme f\u00fcr die Nutzer geschaffen. Nach dem Update funktionieren sehr viele g\u00fcnstige Alternativ-Kabel von Fremdherstellern nicht mehr mit dem Apple-Ger\u00e4t. Bei amazon, ebay &#038; Co. gibt es viele H\u00e4ndler, die billige iPhone-Kabel mit Lightning-Anschluss aus China in Deutschland verkaufen &#8211; ein Gro\u00dfteil dieser Kabel funktioniert nun jedoch nicht mehr mit dem gew\u00fcnschten Apple-Ger\u00e4t, da das iPhone oder iPad nicht mehr mit dem Kabel arbeiten will (Meldung auf dem Display) und die Funktion (Aufladen oder Daten \u00fcbertragen) verweigert. <!--more-->Diese billige China-Ware ist Apple schon lange ein Dorn im Auge, da sie mit dem eigenen Original-Zubeh\u00f6r nat\u00fcrlich gutes Geld verdienen (China-Kabel gibt es oft schon f\u00fcr unter einem Euro &#8211; ein original Apple-Lightning-Kabel kostet meist das 20-fache).<\/p>\n<p>Aber selbst bei <a href=\"http:\/\/www.amazon.de\/s\/?_encoding=UTF8&#038;camp=1638&#038;creative=19454&#038;linkCode=ur2&#038;pageMinusResults=1&#038;site-redirect=de&#038;suo=1398157323016&#038;tag=chrispanscdew-21&#038;url=search-alias%3Daps#\/ref=nb_sb_noss_1?__mk_de_DE=%C3%85M%C3%85%C5%BD%C3%95%C3%91&#038;url=search-alias%3Daps&#038;field-keywords=belkin%20lightning&#038;sprefix=belkin+ligt%2Caps&#038;rh=i%3Aaps%2Ck%3Abelkin%20lightning&#038;sepatfbtf=true&#038;tc=1398157328143\" target=\"_blank\" rel=\"nofollow\">zertifizierten Kabeln f\u00fcr den Lightning Anschluss von Belkin<\/a> und weiteren Herstellern klagen einige User von pl\u00f6tzlichen Problemen unter iOS 7.1. Ob Apple hier mit einem weiteren Update nochmal nachbessert und zumindest die Funktionst\u00fcchtigkeit der zertifizierten Kabel wiederherstellt, ist derzeit noch nicht bekannt &#8211; aber sicherlich der Wunsch vieler Nutzer. Apple hat in der Vergangenheit mit minderer Qualit\u00e4t der nicht-zertifizierten Kabel argumentiert, die zu Fehlfunktionen des Ger\u00e4ts f\u00fchren k\u00f6nnen, bis hin zu explodierenden Kabeln oder Steckern. Viele Apple-Nutzer sind jedoch nicht bereit f\u00fcr ein einfaches Kabel ein derartig hohen Preis zu bezahlen und greifen zu den Alternativen.<\/p>\n<p>Sobald es eine neue Version von iOS von Apple gibt, werden wir mehr im &#8222;Kabelkrieg&#8220; sicher mehr wissen. Es w\u00e4re sehr \u00fcberraschend, wenn die alten nicht zertifizierten Billigkabel dann wieder funktionieren w\u00fcrden. Hersteller mit Zertifikaten von Apple werden aber sicherlich darauf pochen die Kompatibilit\u00e4t wieder herzustellen, damit die K\u00e4ufer dieser Kabel nicht weiter (zurecht) auf die Barrikaden gehen.<\/p>\n","protected":false},"excerpt":{"rendered":"<p>Seit ein paar Wochen steht iOS 7.1 zum Download f\u00fcr iPhones, iPad &#038; Co. zur Verf\u00fcgung. Mit dem Update wurden Bugs gefixed und neue Features erg\u00e4nzt (alles rund um iOS in the car) &#8211; aber bei dem genaueren Blick auch neue Probleme f\u00fcr die Nutzer geschaffen. Nach dem Update funktionieren sehr viele g\u00fcnstige Alternativ-Kabel von [&hellip;]<\/p>\n","protected":false},"author":1,"featured_media":0,"comment_status":"open","ping_status":"open","sticky":false,"template":"","format":"standard","meta":{"footnotes":""},"categories":[132,106],"tags":[550,357,537,548,551,549],"class_list":["post-1315","post","type-post","status-publish","format-standard","hentry","category-apple-ipod-iphone","category-festnetz-dsl-handy","tag-belkin","tag-ios","tag-ios7-1","tag-kabel","tag-lightning","tag-usb"],"yoast_head":"<!-- This site is optimized with the Yoast SEO plugin v27.5 - https:\/\/yoast.com\/product\/yoast-seo-wordpress\/ -->\n<title>iOS 7.1 verbannt kompatibles Zubeh\u00f6r - Social Media . Web Blog<\/title>\n<meta name=\"robots\" content=\"index, follow, max-snippet:-1, max-image-preview:large, max-video-preview:-1\" \/>\n<link rel=\"canonical\" href=\"https:\/\/www.christian-pansch.de\/blog\/ios-7-1-verbannt-kompatibles-zubehoer-1315\/\" \/>\n<meta property=\"og:locale\" content=\"de_DE\" \/>\n<meta property=\"og:type\" content=\"article\" \/>\n<meta property=\"og:title\" content=\"iOS 7.1 verbannt kompatibles Zubeh\u00f6r - Social Media . Web Blog\" \/>\n<meta property=\"og:description\" content=\"Seit ein paar Wochen steht iOS 7.1 zum Download f\u00fcr iPhones, iPad &#038; Co. zur Verf\u00fcgung. Mit dem Update wurden Bugs gefixed und neue Features erg\u00e4nzt (alles rund um iOS in the car) &#8211; aber bei dem genaueren Blick auch neue Probleme f\u00fcr die Nutzer geschaffen. Nach dem Update funktionieren sehr viele g\u00fcnstige Alternativ-Kabel von [&hellip;]\" \/>\n<meta property=\"og:url\" content=\"https:\/\/www.christian-pansch.de\/blog\/ios-7-1-verbannt-kompatibles-zubehoer-1315\/\" \/>\n<meta property=\"og:site_name\" content=\"Social Media . Web Blog\" \/>\n<meta property=\"article:published_time\" content=\"2014-04-17T17:53:53+00:00\" \/>\n<meta property=\"article:modified_time\" content=\"2014-04-23T07:26:36+00:00\" \/>\n<meta property=\"og:image\" content=\"https:\/\/www.christian-pansch.de\/blog\/wp-content\/uploads\/2014\/04\/lightning-ios71.jpg\" \/>\n<meta name=\"author\" content=\"Christian Pansch\" \/>\n<meta name=\"twitter:card\" content=\"summary_large_image\" \/>\n<meta name=\"twitter:label1\" content=\"Verfasst von\" \/>\n\t<meta name=\"twitter:data1\" content=\"Christian Pansch\" \/>\n\t<meta name=\"twitter:label2\" content=\"Gesch\u00e4tzte Lesezeit\" \/>\n\t<meta name=\"twitter:data2\" content=\"2\u00a0Minuten\" \/>\n<script type=\"application\/ld+json\" class=\"yoast-schema-graph\">{\"@context\":\"https:\\\/\\\/schema.org\",\"@graph\":[{\"@type\":\"Article\",\"@id\":\"https:\\\/\\\/www.christian-pansch.de\\\/blog\\\/ios-7-1-verbannt-kompatibles-zubehoer-1315\\\/#article\",\"isPartOf\":{\"@id\":\"https:\\\/\\\/www.christian-pansch.de\\\/blog\\\/ios-7-1-verbannt-kompatibles-zubehoer-1315\\\/\"},\"author\":{\"name\":\"Christian Pansch\",\"@id\":\"https:\\\/\\\/www.christian-pansch.de\\\/blog\\\/#\\\/schema\\\/person\\\/af4b04e973030b73eb5d7cbb4597d4eb\"},\"headline\":\"iOS 7.1 verbannt kompatibles Zubeh\u00f6r\",\"datePublished\":\"2014-04-17T17:53:53+00:00\",\"dateModified\":\"2014-04-23T07:26:36+00:00\",\"mainEntityOfPage\":{\"@id\":\"https:\\\/\\\/www.christian-pansch.de\\\/blog\\\/ios-7-1-verbannt-kompatibles-zubehoer-1315\\\/\"},\"wordCount\":339,\"commentCount\":3,\"image\":{\"@id\":\"https:\\\/\\\/www.christian-pansch.de\\\/blog\\\/ios-7-1-verbannt-kompatibles-zubehoer-1315\\\/#primaryimage\"},\"thumbnailUrl\":\"https:\\\/\\\/www.christian-pansch.de\\\/blog\\\/wp-content\\\/uploads\\\/2014\\\/04\\\/lightning-ios71.jpg\",\"keywords\":[\"belkin\",\"ios\",\"ios7.1\",\"kabel\",\"lightning\",\"usb\"],\"articleSection\":[\"Apple, iPhone, iPad &amp; Co.\",\"Festnetz, DSL &amp; Handy\"],\"inLanguage\":\"de\",\"potentialAction\":[{\"@type\":\"CommentAction\",\"name\":\"Comment\",\"target\":[\"https:\\\/\\\/www.christian-pansch.de\\\/blog\\\/ios-7-1-verbannt-kompatibles-zubehoer-1315\\\/#respond\"]}]},{\"@type\":\"WebPage\",\"@id\":\"https:\\\/\\\/www.christian-pansch.de\\\/blog\\\/ios-7-1-verbannt-kompatibles-zubehoer-1315\\\/\",\"url\":\"https:\\\/\\\/www.christian-pansch.de\\\/blog\\\/ios-7-1-verbannt-kompatibles-zubehoer-1315\\\/\",\"name\":\"iOS 7.1 verbannt kompatibles Zubeh\u00f6r - Social Media . Web Blog\",\"isPartOf\":{\"@id\":\"https:\\\/\\\/www.christian-pansch.de\\\/blog\\\/#website\"},\"primaryImageOfPage\":{\"@id\":\"https:\\\/\\\/www.christian-pansch.de\\\/blog\\\/ios-7-1-verbannt-kompatibles-zubehoer-1315\\\/#primaryimage\"},\"image\":{\"@id\":\"https:\\\/\\\/www.christian-pansch.de\\\/blog\\\/ios-7-1-verbannt-kompatibles-zubehoer-1315\\\/#primaryimage\"},\"thumbnailUrl\":\"https:\\\/\\\/www.christian-pansch.de\\\/blog\\\/wp-content\\\/uploads\\\/2014\\\/04\\\/lightning-ios71.jpg\",\"datePublished\":\"2014-04-17T17:53:53+00:00\",\"dateModified\":\"2014-04-23T07:26:36+00:00\",\"author\":{\"@id\":\"https:\\\/\\\/www.christian-pansch.de\\\/blog\\\/#\\\/schema\\\/person\\\/af4b04e973030b73eb5d7cbb4597d4eb\"},\"breadcrumb\":{\"@id\":\"https:\\\/\\\/www.christian-pansch.de\\\/blog\\\/ios-7-1-verbannt-kompatibles-zubehoer-1315\\\/#breadcrumb\"},\"inLanguage\":\"de\",\"potentialAction\":[{\"@type\":\"ReadAction\",\"target\":[\"https:\\\/\\\/www.christian-pansch.de\\\/blog\\\/ios-7-1-verbannt-kompatibles-zubehoer-1315\\\/\"]}]},{\"@type\":\"ImageObject\",\"inLanguage\":\"de\",\"@id\":\"https:\\\/\\\/www.christian-pansch.de\\\/blog\\\/ios-7-1-verbannt-kompatibles-zubehoer-1315\\\/#primaryimage\",\"url\":\"https:\\\/\\\/www.christian-pansch.de\\\/blog\\\/wp-content\\\/uploads\\\/2014\\\/04\\\/lightning-ios71.jpg\",\"contentUrl\":\"https:\\\/\\\/www.christian-pansch.de\\\/blog\\\/wp-content\\\/uploads\\\/2014\\\/04\\\/lightning-ios71.jpg\"},{\"@type\":\"BreadcrumbList\",\"@id\":\"https:\\\/\\\/www.christian-pansch.de\\\/blog\\\/ios-7-1-verbannt-kompatibles-zubehoer-1315\\\/#breadcrumb\",\"itemListElement\":[{\"@type\":\"ListItem\",\"position\":1,\"name\":\"Startseite\",\"item\":\"https:\\\/\\\/www.christian-pansch.de\\\/blog\\\/\"},{\"@type\":\"ListItem\",\"position\":2,\"name\":\"iOS 7.1 verbannt kompatibles Zubeh\u00f6r\"}]},{\"@type\":\"WebSite\",\"@id\":\"https:\\\/\\\/www.christian-pansch.de\\\/blog\\\/#website\",\"url\":\"https:\\\/\\\/www.christian-pansch.de\\\/blog\\\/\",\"name\":\"Social Media . Web Blog\",\"description\":\"Das Blog von Christian Pansch \u00fcber Social Media, Webgeschehen, Mobile, Design, TYPO3 &amp; Co.\",\"potentialAction\":[{\"@type\":\"SearchAction\",\"target\":{\"@type\":\"EntryPoint\",\"urlTemplate\":\"https:\\\/\\\/www.christian-pansch.de\\\/blog\\\/?s={search_term_string}\"},\"query-input\":{\"@type\":\"PropertyValueSpecification\",\"valueRequired\":true,\"valueName\":\"search_term_string\"}}],\"inLanguage\":\"de\"},{\"@type\":\"Person\",\"@id\":\"https:\\\/\\\/www.christian-pansch.de\\\/blog\\\/#\\\/schema\\\/person\\\/af4b04e973030b73eb5d7cbb4597d4eb\",\"name\":\"Christian Pansch\",\"sameAs\":[\"http:\\\/\\\/www.christian-pansch.de\"],\"url\":\"https:\\\/\\\/www.christian-pansch.de\\\/blog\\\/author\\\/admin\\\/\"}]}<\/script>\n<!-- \/ Yoast SEO plugin. -->","yoast_head_json":{"title":"iOS 7.1 verbannt kompatibles Zubeh\u00f6r - Social Media . Web Blog","robots":{"index":"index","follow":"follow","max-snippet":"max-snippet:-1","max-image-preview":"max-image-preview:large","max-video-preview":"max-video-preview:-1"},"canonical":"https:\/\/www.christian-pansch.de\/blog\/ios-7-1-verbannt-kompatibles-zubehoer-1315\/","og_locale":"de_DE","og_type":"article","og_title":"iOS 7.1 verbannt kompatibles Zubeh\u00f6r - Social Media . Web Blog","og_description":"Seit ein paar Wochen steht iOS 7.1 zum Download f\u00fcr iPhones, iPad &#038; Co. zur Verf\u00fcgung. Mit dem Update wurden Bugs gefixed und neue Features erg\u00e4nzt (alles rund um iOS in the car) &#8211; aber bei dem genaueren Blick auch neue Probleme f\u00fcr die Nutzer geschaffen. Nach dem Update funktionieren sehr viele g\u00fcnstige Alternativ-Kabel von [&hellip;]","og_url":"https:\/\/www.christian-pansch.de\/blog\/ios-7-1-verbannt-kompatibles-zubehoer-1315\/","og_site_name":"Social Media . Web Blog","article_published_time":"2014-04-17T17:53:53+00:00","article_modified_time":"2014-04-23T07:26:36+00:00","og_image":[{"url":"https:\/\/www.christian-pansch.de\/blog\/wp-content\/uploads\/2014\/04\/lightning-ios71.jpg","type":"","width":"","height":""}],"author":"Christian Pansch","twitter_card":"summary_large_image","twitter_misc":{"Verfasst von":"Christian Pansch","Gesch\u00e4tzte Lesezeit":"2\u00a0Minuten"},"schema":{"@context":"https:\/\/schema.org","@graph":[{"@type":"Article","@id":"https:\/\/www.christian-pansch.de\/blog\/ios-7-1-verbannt-kompatibles-zubehoer-1315\/#article","isPartOf":{"@id":"https:\/\/www.christian-pansch.de\/blog\/ios-7-1-verbannt-kompatibles-zubehoer-1315\/"},"author":{"name":"Christian Pansch","@id":"https:\/\/www.christian-pansch.de\/blog\/#\/schema\/person\/af4b04e973030b73eb5d7cbb4597d4eb"},"headline":"iOS 7.1 verbannt kompatibles Zubeh\u00f6r","datePublished":"2014-04-17T17:53:53+00:00","dateModified":"2014-04-23T07:26:36+00:00","mainEntityOfPage":{"@id":"https:\/\/www.christian-pansch.de\/blog\/ios-7-1-verbannt-kompatibles-zubehoer-1315\/"},"wordCount":339,"commentCount":3,"image":{"@id":"https:\/\/www.christian-pansch.de\/blog\/ios-7-1-verbannt-kompatibles-zubehoer-1315\/#primaryimage"},"thumbnailUrl":"https:\/\/www.christian-pansch.de\/blog\/wp-content\/uploads\/2014\/04\/lightning-ios71.jpg","keywords":["belkin","ios","ios7.1","kabel","lightning","usb"],"articleSection":["Apple, iPhone, iPad &amp; Co.","Festnetz, DSL &amp; Handy"],"inLanguage":"de","potentialAction":[{"@type":"CommentAction","name":"Comment","target":["https:\/\/www.christian-pansch.de\/blog\/ios-7-1-verbannt-kompatibles-zubehoer-1315\/#respond"]}]},{"@type":"WebPage","@id":"https:\/\/www.christian-pansch.de\/blog\/ios-7-1-verbannt-kompatibles-zubehoer-1315\/","url":"https:\/\/www.christian-pansch.de\/blog\/ios-7-1-verbannt-kompatibles-zubehoer-1315\/","name":"iOS 7.1 verbannt kompatibles Zubeh\u00f6r - Social Media . Web Blog","isPartOf":{"@id":"https:\/\/www.christian-pansch.de\/blog\/#website"},"primaryImageOfPage":{"@id":"https:\/\/www.christian-pansch.de\/blog\/ios-7-1-verbannt-kompatibles-zubehoer-1315\/#primaryimage"},"image":{"@id":"https:\/\/www.christian-pansch.de\/blog\/ios-7-1-verbannt-kompatibles-zubehoer-1315\/#primaryimage"},"thumbnailUrl":"https:\/\/www.christian-pansch.de\/blog\/wp-content\/uploads\/2014\/04\/lightning-ios71.jpg","datePublished":"2014-04-17T17:53:53+00:00","dateModified":"2014-04-23T07:26:36+00:00","author":{"@id":"https:\/\/www.christian-pansch.de\/blog\/#\/schema\/person\/af4b04e973030b73eb5d7cbb4597d4eb"},"breadcrumb":{"@id":"https:\/\/www.christian-pansch.de\/blog\/ios-7-1-verbannt-kompatibles-zubehoer-1315\/#breadcrumb"},"inLanguage":"de","potentialAction":[{"@type":"ReadAction","target":["https:\/\/www.christian-pansch.de\/blog\/ios-7-1-verbannt-kompatibles-zubehoer-1315\/"]}]},{"@type":"ImageObject","inLanguage":"de","@id":"https:\/\/www.christian-pansch.de\/blog\/ios-7-1-verbannt-kompatibles-zubehoer-1315\/#primaryimage","url":"https:\/\/www.christian-pansch.de\/blog\/wp-content\/uploads\/2014\/04\/lightning-ios71.jpg","contentUrl":"https:\/\/www.christian-pansch.de\/blog\/wp-content\/uploads\/2014\/04\/lightning-ios71.jpg"},{"@type":"BreadcrumbList","@id":"https:\/\/www.christian-pansch.de\/blog\/ios-7-1-verbannt-kompatibles-zubehoer-1315\/#breadcrumb","itemListElement":[{"@type":"ListItem","position":1,"name":"Startseite","item":"https:\/\/www.christian-pansch.de\/blog\/"},{"@type":"ListItem","position":2,"name":"iOS 7.1 verbannt kompatibles Zubeh\u00f6r"}]},{"@type":"WebSite","@id":"https:\/\/www.christian-pansch.de\/blog\/#website","url":"https:\/\/www.christian-pansch.de\/blog\/","name":"Social Media . Web Blog","description":"Das Blog von Christian Pansch \u00fcber Social Media, Webgeschehen, Mobile, Design, TYPO3 &amp; Co.","potentialAction":[{"@type":"SearchAction","target":{"@type":"EntryPoint","urlTemplate":"https:\/\/www.christian-pansch.de\/blog\/?s={search_term_string}"},"query-input":{"@type":"PropertyValueSpecification","valueRequired":true,"valueName":"search_term_string"}}],"inLanguage":"de"},{"@type":"Person","@id":"https:\/\/www.christian-pansch.de\/blog\/#\/schema\/person\/af4b04e973030b73eb5d7cbb4597d4eb","name":"Christian Pansch","sameAs":["http:\/\/www.christian-pansch.de"],"url":"https:\/\/www.christian-pansch.de\/blog\/author\/admin\/"}]}},"publishpress_future_action":{"enabled":false,"date":"2026-05-09 02:11:01","action":"change-status","newStatus":"draft","terms":[],"taxonomy":"category","extraData":[]},"publishpress_future_workflow_manual_trigger":{"enabledWorkflows":[]},"_links":{"self":[{"href":"https:\/\/www.christian-pansch.de\/blog\/wp-json\/wp\/v2\/posts\/1315","targetHints":{"allow":["GET"]}}],"collection":[{"href":"https:\/\/www.christian-pansch.de\/blog\/wp-json\/wp\/v2\/posts"}],"about":[{"href":"https:\/\/www.christian-pansch.de\/blog\/wp-json\/wp\/v2\/types\/post"}],"author":[{"embeddable":true,"href":"https:\/\/www.christian-pansch.de\/blog\/wp-json\/wp\/v2\/users\/1"}],"replies":[{"embeddable":true,"href":"https:\/\/www.christian-pansch.de\/blog\/wp-json\/wp\/v2\/comments?post=1315"}],"version-history":[{"count":13,"href":"https:\/\/www.christian-pansch.de\/blog\/wp-json\/wp\/v2\/posts\/1315\/revisions"}],"predecessor-version":[{"id":1338,"href":"https:\/\/www.christian-pansch.de\/blog\/wp-json\/wp\/v2\/posts\/1315\/revisions\/1338"}],"wp:attachment":[{"href":"https:\/\/www.christian-pansch.de\/blog\/wp-json\/wp\/v2\/media?parent=1315"}],"wp:term":[{"taxonomy":"category","embeddable":true,"href":"https:\/\/www.christian-pansch.de\/blog\/wp-json\/wp\/v2\/categories?post=1315"},{"taxonomy":"post_tag","embeddable":true,"href":"https:\/\/www.christian-pansch.de\/blog\/wp-json\/wp\/v2\/tags?post=1315"}],"curies":[{"name":"wp","href":"https:\/\/api.w.org\/{rel}","templated":true}]}}